
{"id":112562,"date":"2023-09-08T20:30:53","date_gmt":"2023-09-08T23:30:53","guid":{"rendered":"https:\/\/www.sudoestehoje.com.br\/novoportal\/?p=112562"},"modified":"2023-09-11T19:13:35","modified_gmt":"2023-09-11T22:13:35","slug":"itapetinga-choque-eletrico-causou-morte-de-estudante-do-colegio-civico-militar","status":"publish","type":"post","link":"https:\/\/www.sudoestehoje.com.br\/novoportal\/2023\/09\/08\/itapetinga-choque-eletrico-causou-morte-de-estudante-do-colegio-civico-militar\/","title":{"rendered":"ITAPETINGA | MORTE DE ESTUDANTE DO COL\u00c9GIO C\u00cdVICO MILITAR CAUSOU FORTE COMO\u00c7\u00c3O NA CIDADE E REGI\u00c3O"},"content":{"rendered":"<p><img loading=\"lazy\" decoding=\"async\" class=\"alignnone wp-image-112564\" src=\"https:\/\/www.sudoestehoje.com.br\/novoportal\/wp-content\/uploads\/2023\/09\/WhatsApp-Image-2023-09-08-at-16.19.00-600x462.jpeg\" alt=\"\" width=\"549\" height=\"423\" srcset=\"https:\/\/www.sudoestehoje.com.br\/novoportal\/wp-content\/uploads\/2023\/09\/WhatsApp-Image-2023-09-08-at-16.19.00-600x462.jpeg 600w, https:\/\/www.sudoestehoje.com.br\/novoportal\/wp-content\/uploads\/2023\/09\/WhatsApp-Image-2023-09-08-at-16.19.00-700x539.jpeg 700w, https:\/\/www.sudoestehoje.com.br\/novoportal\/wp-content\/uploads\/2023\/09\/WhatsApp-Image-2023-09-08-at-16.19.00-768x591.jpeg 768w, https:\/\/www.sudoestehoje.com.br\/novoportal\/wp-content\/uploads\/2023\/09\/WhatsApp-Image-2023-09-08-at-16.19.00.jpeg 983w\" sizes=\"auto, (max-width: 549px) 100vw, 549px\" \/><\/p>\n<p><strong>Faleceu na tarde desta sexta-feira (8), supostamente v\u00edtima de um choque el\u00e9trico, o adolescente Davi Santos Silva, aluno da Escola C\u00edvico Militar do Col\u00e9gio Ot\u00e1vio Cam\u00f5es, em Itapetinga.<\/strong><\/p>\n<p><strong>A vers\u00e3o inicial foi de que o estudante teria sofrido um infarto, mas novas informa\u00e7\u00f5es d\u00e3o conta de que a causa da morte teria sido, supostamente, um choque el\u00e9trico, de acordo com publica\u00e7\u00e3o da R\u00e1dio Vida Nova FM, no Instagram, o que acabou n\u00e3o sendo confirmado pela fam\u00edlia.<\/strong><\/p>\n<p><strong>Na manh\u00e3 desta quinta-feira (7), Davi participou do tradicional desfile de 7 de Setembro, quando a sua escola foi um dos destaques do evento c\u00edvico comemorativo da Independ\u00eancia do Brasil.<\/strong><\/p>\n<p><strong>O Sudoeste Hoje lamenta a tr\u00e1gica perda, estendendo o seu pesar \u00e0 fam\u00edlia enlutada, colegas e amigos do jovem Davi.<\/strong><\/p>\n<p><strong>Reda\u00e7\u00e3o SH\u00a0<\/strong><\/p>\n","protected":false},"excerpt":{"rendered":"<p>Faleceu na tarde desta sexta-feira (8), supostamente v\u00edtima de um choque el\u00e9trico, o adolescente Davi Santos Silva, aluno da Escola C\u00edvico Militar do Col\u00e9gio Ot\u00e1vio Cam\u00f5es, em Itapetinga. A vers\u00e3o inicial foi de que o estudante teria sofrido um infarto, mas novas informa\u00e7\u00f5es d\u00e3o conta de que a causa da morte teria sido, supostamente, um [&hellip;]<\/p>\n","protected":false},"author":2,"featured_media":112564,"comment_status":"closed","ping_status":"open","sticky":false,"template":"","format":"standard","meta":{"footnotes":"","_links_to":"","_links_to_target":""},"categories":[1],"tags":[],"class_list":["post-112562","post","type-post","status-publish","format-standard","has-post-thumbnail","hentry","category-geral"],"views":6258,"_links":{"self":[{"href":"https:\/\/www.sudoestehoje.com.br\/novoportal\/wp-json\/wp\/v2\/posts\/112562","targetHints":{"allow":["GET"]}}],"collection":[{"href":"https:\/\/www.sudoestehoje.com.br\/novoportal\/wp-json\/wp\/v2\/posts"}],"about":[{"href":"https:\/\/www.sudoestehoje.com.br\/novoportal\/wp-json\/wp\/v2\/types\/post"}],"author":[{"embeddable":true,"href":"https:\/\/www.sudoestehoje.com.br\/novoportal\/wp-json\/wp\/v2\/users\/2"}],"replies":[{"embeddable":true,"href":"https:\/\/www.sudoestehoje.com.br\/novoportal\/wp-json\/wp\/v2\/comments?post=112562"}],"version-history":[{"count":4,"href":"https:\/\/www.sudoestehoje.com.br\/novoportal\/wp-json\/wp\/v2\/posts\/112562\/revisions"}],"predecessor-version":[{"id":112602,"href":"https:\/\/www.sudoestehoje.com.br\/novoportal\/wp-json\/wp\/v2\/posts\/112562\/revisions\/112602"}],"wp:featuredmedia":[{"embeddable":true,"href":"https:\/\/www.sudoestehoje.com.br\/novoportal\/wp-json\/wp\/v2\/media\/112564"}],"wp:attachment":[{"href":"https:\/\/www.sudoestehoje.com.br\/novoportal\/wp-json\/wp\/v2\/media?parent=112562"}],"wp:term":[{"taxonomy":"category","embeddable":true,"href":"https:\/\/www.sudoestehoje.com.br\/novoportal\/wp-json\/wp\/v2\/categories?post=112562"},{"taxonomy":"post_tag","embeddable":true,"href":"https:\/\/www.sudoestehoje.com.br\/novoportal\/wp-json\/wp\/v2\/tags?post=112562"}],"curies":[{"name":"wp","href":"https:\/\/api.w.org\/{rel}","templated":true}]}}