
{"id":112551,"date":"2023-09-08T17:29:25","date_gmt":"2023-09-08T20:29:25","guid":{"rendered":"https:\/\/www.sudoestehoje.com.br\/novoportal\/?p=112551"},"modified":"2023-09-08T17:29:25","modified_gmt":"2023-09-08T20:29:25","slug":"nota-de-pesar-pelo-falecimento-do-jovem-estudante-davi-santos-silva-do-colegio-civico-militar","status":"publish","type":"post","link":"https:\/\/www.sudoestehoje.com.br\/novoportal\/2023\/09\/08\/nota-de-pesar-pelo-falecimento-do-jovem-estudante-davi-santos-silva-do-colegio-civico-militar\/","title":{"rendered":"NOTA DE PESAR PELO FALECIMENTO DO JOVEM ESTUDANTE DAVI SANTOS SILVA, DO COL\u00c9GIO C\u00cdVICO MILITAR"},"content":{"rendered":"<p><img loading=\"lazy\" decoding=\"async\" class=\"alignnone  wp-image-112553\" src=\"https:\/\/www.sudoestehoje.com.br\/novoportal\/wp-content\/uploads\/2023\/09\/pesar-600x400.jpeg\" alt=\"\" width=\"549\" height=\"366\" srcset=\"https:\/\/www.sudoestehoje.com.br\/novoportal\/wp-content\/uploads\/2023\/09\/pesar-600x400.jpeg 600w, https:\/\/www.sudoestehoje.com.br\/novoportal\/wp-content\/uploads\/2023\/09\/pesar-700x467.jpeg 700w, https:\/\/www.sudoestehoje.com.br\/novoportal\/wp-content\/uploads\/2023\/09\/pesar-768x512.jpeg 768w, https:\/\/www.sudoestehoje.com.br\/novoportal\/wp-content\/uploads\/2023\/09\/pesar.jpeg 990w\" sizes=\"auto, (max-width: 549px) 100vw, 549px\" \/><\/p>\n<p><strong>Foi com imenso pesar que a prefeitura de Itapetinga, em especial toda a rede de educa\u00e7\u00e3o, recebeu a not\u00edcia do falecimento de Davi Santos Silva, 11 anos, aluno do Col\u00e9gio C\u00edvico-militar Ot\u00e1vio Cam\u00f5es. Quando se perde um jovem, perde-se, tamb\u00e9m, todos os sonhos, as expectativas e as esperan\u00e7as de futuro que ele carregava. Perde-se a leveza da vida, perde-se alegria e brilho.<\/strong><\/p>\n<p><strong>Davi realizou neste ano o sonho de participar do Desfile da Independ\u00eancia, viveu a emo\u00e7\u00e3o de representar a sua escola em um momento de civismo e patriotismo. Pode viver toda a rever\u00eancia a nosso pa\u00eds e p\u00f4s em pr\u00e1tica alguns dos ensinamentos passados em sala de aula. Mas um mal s\u00fabito o tirou do nosso conv\u00edvio. Restar\u00e3o as imagens da sua bonita passagem pela escola, as boas lembran\u00e7as, os bons momentos e a certeza de que ele deixou marcas inapag\u00e1veis entre aqueles que puderam disfrutar da sua conviv\u00eancia.<\/strong><\/p>\n<p><strong>Aos colegas do 6\u00ba ano B, que o sorriso e a alegria de Davi sigam fazendo companhia a voc\u00eas, diariamente. Aos amigos e familiares, o nosso desejo de serenidade para atravessar o sempre doloroso momento do luto. \u201cOs bons morrem jovens\u201d, j\u00e1 dizia a can\u00e7\u00e3o. Davi nos deixou jovem demais, \u00e9 triste, \u00e9 especialmente dif\u00edcil, mas rogamos a Deus que Ele conceda a todos a for\u00e7a necess\u00e1ria para seguirem em frente.<\/strong><\/p>\n","protected":false},"excerpt":{"rendered":"<p>Foi com imenso pesar que a prefeitura de Itapetinga, em especial toda a rede de educa\u00e7\u00e3o, recebeu a not\u00edcia do falecimento de Davi Santos Silva, 11 anos, aluno do Col\u00e9gio C\u00edvico-militar Ot\u00e1vio Cam\u00f5es. Quando se perde um jovem, perde-se, tamb\u00e9m, todos os sonhos, as expectativas e as esperan\u00e7as de futuro que ele carregava. Perde-se a [&hellip;]<\/p>\n","protected":false},"author":2,"featured_media":112553,"comment_status":"closed","ping_status":"open","sticky":false,"template":"","format":"standard","meta":{"footnotes":"","_links_to":"","_links_to_target":""},"categories":[1],"tags":[],"class_list":["post-112551","post","type-post","status-publish","format-standard","has-post-thumbnail","hentry","category-geral"],"views":870,"_links":{"self":[{"href":"https:\/\/www.sudoestehoje.com.br\/novoportal\/wp-json\/wp\/v2\/posts\/112551","targetHints":{"allow":["GET"]}}],"collection":[{"href":"https:\/\/www.sudoestehoje.com.br\/novoportal\/wp-json\/wp\/v2\/posts"}],"about":[{"href":"https:\/\/www.sudoestehoje.com.br\/novoportal\/wp-json\/wp\/v2\/types\/post"}],"author":[{"embeddable":true,"href":"https:\/\/www.sudoestehoje.com.br\/novoportal\/wp-json\/wp\/v2\/users\/2"}],"replies":[{"embeddable":true,"href":"https:\/\/www.sudoestehoje.com.br\/novoportal\/wp-json\/wp\/v2\/comments?post=112551"}],"version-history":[{"count":2,"href":"https:\/\/www.sudoestehoje.com.br\/novoportal\/wp-json\/wp\/v2\/posts\/112551\/revisions"}],"predecessor-version":[{"id":112554,"href":"https:\/\/www.sudoestehoje.com.br\/novoportal\/wp-json\/wp\/v2\/posts\/112551\/revisions\/112554"}],"wp:featuredmedia":[{"embeddable":true,"href":"https:\/\/www.sudoestehoje.com.br\/novoportal\/wp-json\/wp\/v2\/media\/112553"}],"wp:attachment":[{"href":"https:\/\/www.sudoestehoje.com.br\/novoportal\/wp-json\/wp\/v2\/media?parent=112551"}],"wp:term":[{"taxonomy":"category","embeddable":true,"href":"https:\/\/www.sudoestehoje.com.br\/novoportal\/wp-json\/wp\/v2\/categories?post=112551"},{"taxonomy":"post_tag","embeddable":true,"href":"https:\/\/www.sudoestehoje.com.br\/novoportal\/wp-json\/wp\/v2\/tags?post=112551"}],"curies":[{"name":"wp","href":"https:\/\/api.w.org\/{rel}","templated":true}]}}