
{"id":112547,"date":"2023-09-08T17:18:10","date_gmt":"2023-09-08T20:18:10","guid":{"rendered":"https:\/\/www.sudoestehoje.com.br\/novoportal\/?p=112547"},"modified":"2023-09-08T18:10:01","modified_gmt":"2023-09-08T21:10:01","slug":"apos-deixar-a-superintendencia-da-fjs-leila-brito-se-dedica-ao-combate-a-tuberculose","status":"publish","type":"post","link":"https:\/\/www.sudoestehoje.com.br\/novoportal\/2023\/09\/08\/apos-deixar-a-superintendencia-da-fjs-leila-brito-se-dedica-ao-combate-a-tuberculose\/","title":{"rendered":"AP\u00d3S DEIXAR A SUPERINTEND\u00caNCIA DA FJS, LEILA BRITO SE DEDICA AO COMBATE \u00c1 TUBERCULOSE"},"content":{"rendered":"<p><img loading=\"lazy\" decoding=\"async\" class=\"alignnone  wp-image-112560\" src=\"https:\/\/www.sudoestehoje.com.br\/novoportal\/wp-content\/uploads\/2023\/09\/2-40-600x324.png\" alt=\"\" width=\"550\" height=\"297\" srcset=\"https:\/\/www.sudoestehoje.com.br\/novoportal\/wp-content\/uploads\/2023\/09\/2-40-600x324.png 600w, https:\/\/www.sudoestehoje.com.br\/novoportal\/wp-content\/uploads\/2023\/09\/2-40-700x378.png 700w, https:\/\/www.sudoestehoje.com.br\/novoportal\/wp-content\/uploads\/2023\/09\/2-40-768x415.png 768w, https:\/\/www.sudoestehoje.com.br\/novoportal\/wp-content\/uploads\/2023\/09\/2-40.png 907w\" sizes=\"auto, (max-width: 550px) 100vw, 550px\" \/><\/p>\n<p><strong>Desde janeiro de 2021, Leila Brito se afastou da superintend\u00eancia da Funda\u00e7\u00e3o Jos\u00e9 Silveira (FJS) para se dedicar a importantes projetos da institui\u00e7\u00e3o, sobretudo os de combate e controle da tuberculose, miss\u00e3o pela qual a institui\u00e7\u00e3o foi criada, h\u00e1 86 anos. O cargo de superintendente foi assumido por Carlos Dumet. <\/strong><\/p>\n<p><strong>Por meio do IBIT, a FJS \u00e9 refer\u00eancia em assist\u00eancia e pesquisa sobre a doen\u00e7a, desenvolvendo um trabalho de relev\u00e2ncia internacional. A gestora do N\u00facleo de Desenvolvimento Estrat\u00e9gico, Assistencial e Inova\u00e7\u00e3o da FJS conta que est\u00e3o sendo ampliados os investimentos em pesquisa e assist\u00eancia social para combater a doen\u00e7a,<em> &#8220;focados no cuidado com a sa\u00fade em sua integralidade e qualidade de vida dos pacientes, sobretudo da popula\u00e7\u00e3o em situa\u00e7\u00e3o de vulnerabilidade socioecon\u00f4mica&#8221;<\/em>, explicou. <\/strong><\/p>\n<p><strong>O IBIT possui 90% de cura dos casos atendidos, \u00edndice superior \u00e0 recomenda\u00e7\u00e3o do Minist\u00e9rio da Sa\u00fade, que \u00e9 de 85% de cura dos casos diagnosticados. <em>&#8220;Al\u00e9m disso, a institui\u00e7\u00e3o comunica seus dados cient\u00edficos ao cons\u00f3rcio internacional RePORT, formado por pa\u00edses como a \u00cdndia, Indon\u00e9sia, \u00c1frica do Sul, Estados Unidos, entre outros, uma importante atividade de pesquisa e monitoramento da doen\u00e7a no mundo&#8221;<\/em>, concluiu Leila.<\/strong><\/p>\n","protected":false},"excerpt":{"rendered":"<p>Desde janeiro de 2021, Leila Brito se afastou da superintend\u00eancia da Funda\u00e7\u00e3o Jos\u00e9 Silveira (FJS) para se dedicar a importantes projetos da institui\u00e7\u00e3o, sobretudo os de combate e controle da tuberculose, miss\u00e3o pela qual a institui\u00e7\u00e3o foi criada, h\u00e1 86 anos. O cargo de superintendente foi assumido por Carlos Dumet. Por meio do IBIT, a [&hellip;]<\/p>\n","protected":false},"author":2,"featured_media":112560,"comment_status":"closed","ping_status":"open","sticky":false,"template":"","format":"standard","meta":{"footnotes":"","_links_to":"","_links_to_target":""},"categories":[1],"tags":[],"class_list":["post-112547","post","type-post","status-publish","format-standard","has-post-thumbnail","hentry","category-geral"],"views":716,"_links":{"self":[{"href":"https:\/\/www.sudoestehoje.com.br\/novoportal\/wp-json\/wp\/v2\/posts\/112547","targetHints":{"allow":["GET"]}}],"collection":[{"href":"https:\/\/www.sudoestehoje.com.br\/novoportal\/wp-json\/wp\/v2\/posts"}],"about":[{"href":"https:\/\/www.sudoestehoje.com.br\/novoportal\/wp-json\/wp\/v2\/types\/post"}],"author":[{"embeddable":true,"href":"https:\/\/www.sudoestehoje.com.br\/novoportal\/wp-json\/wp\/v2\/users\/2"}],"replies":[{"embeddable":true,"href":"https:\/\/www.sudoestehoje.com.br\/novoportal\/wp-json\/wp\/v2\/comments?post=112547"}],"version-history":[{"count":3,"href":"https:\/\/www.sudoestehoje.com.br\/novoportal\/wp-json\/wp\/v2\/posts\/112547\/revisions"}],"predecessor-version":[{"id":112561,"href":"https:\/\/www.sudoestehoje.com.br\/novoportal\/wp-json\/wp\/v2\/posts\/112547\/revisions\/112561"}],"wp:featuredmedia":[{"embeddable":true,"href":"https:\/\/www.sudoestehoje.com.br\/novoportal\/wp-json\/wp\/v2\/media\/112560"}],"wp:attachment":[{"href":"https:\/\/www.sudoestehoje.com.br\/novoportal\/wp-json\/wp\/v2\/media?parent=112547"}],"wp:term":[{"taxonomy":"category","embeddable":true,"href":"https:\/\/www.sudoestehoje.com.br\/novoportal\/wp-json\/wp\/v2\/categories?post=112547"},{"taxonomy":"post_tag","embeddable":true,"href":"https:\/\/www.sudoestehoje.com.br\/novoportal\/wp-json\/wp\/v2\/tags?post=112547"}],"curies":[{"name":"wp","href":"https:\/\/api.w.org\/{rel}","templated":true}]}}