
{"id":112494,"date":"2023-09-07T18:36:13","date_gmt":"2023-09-07T21:36:13","guid":{"rendered":"https:\/\/www.sudoestehoje.com.br\/novoportal\/?p=112494"},"modified":"2023-09-07T22:03:55","modified_gmt":"2023-09-08T01:03:55","slug":"itapetinga-desfile-de-7-de-setembro-foi-o-mais-organizado-e-participativo-da-historia","status":"publish","type":"post","link":"https:\/\/www.sudoestehoje.com.br\/novoportal\/2023\/09\/07\/itapetinga-desfile-de-7-de-setembro-foi-o-mais-organizado-e-participativo-da-historia\/","title":{"rendered":"ITAPETINGA | DESFILE DE 7 DE SETEMBRO FOI O MAIS ORGANIZADO E PARTICIPATIVO DA HIST\u00d3RIA"},"content":{"rendered":"<p><img loading=\"lazy\" decoding=\"async\" class=\"alignnone wp-image-112499\" src=\"https:\/\/www.sudoestehoje.com.br\/novoportal\/wp-content\/uploads\/2023\/09\/WhatsApp-Image-2023-09-07-at-17.47.43-1-600x338.jpeg\" alt=\"\" width=\"550\" height=\"310\" srcset=\"https:\/\/www.sudoestehoje.com.br\/novoportal\/wp-content\/uploads\/2023\/09\/WhatsApp-Image-2023-09-07-at-17.47.43-1-600x338.jpeg 600w, https:\/\/www.sudoestehoje.com.br\/novoportal\/wp-content\/uploads\/2023\/09\/WhatsApp-Image-2023-09-07-at-17.47.43-1-700x394.jpeg 700w, https:\/\/www.sudoestehoje.com.br\/novoportal\/wp-content\/uploads\/2023\/09\/WhatsApp-Image-2023-09-07-at-17.47.43-1-768x432.jpeg 768w, https:\/\/www.sudoestehoje.com.br\/novoportal\/wp-content\/uploads\/2023\/09\/WhatsApp-Image-2023-09-07-at-17.47.43-1-1536x865.jpeg 1536w, https:\/\/www.sudoestehoje.com.br\/novoportal\/wp-content\/uploads\/2023\/09\/WhatsApp-Image-2023-09-07-at-17.47.43-1.jpeg 1600w\" sizes=\"auto, (max-width: 550px) 100vw, 550px\" \/><\/p>\n<p><strong>Sob o comando do competente Secret\u00e1rio de Educa\u00e7\u00e3o F\u00e1bio Viana e sua equipe, o desfile comemorativo ao 7 de Setembro em Itapetinga, 2023, foi o mais organizado e participativo da hist\u00f3ria recente do munic\u00edpio.<\/strong><\/p>\n<p><img loading=\"lazy\" decoding=\"async\" class=\"alignnone wp-image-112509\" src=\"https:\/\/www.sudoestehoje.com.br\/novoportal\/wp-content\/uploads\/2023\/09\/WhatsApp-Image-2023-09-07-at-18.02.06-600x338.jpeg\" alt=\"\" width=\"551\" height=\"310\" srcset=\"https:\/\/www.sudoestehoje.com.br\/novoportal\/wp-content\/uploads\/2023\/09\/WhatsApp-Image-2023-09-07-at-18.02.06-600x338.jpeg 600w, https:\/\/www.sudoestehoje.com.br\/novoportal\/wp-content\/uploads\/2023\/09\/WhatsApp-Image-2023-09-07-at-18.02.06-700x394.jpeg 700w, https:\/\/www.sudoestehoje.com.br\/novoportal\/wp-content\/uploads\/2023\/09\/WhatsApp-Image-2023-09-07-at-18.02.06-768x432.jpeg 768w, https:\/\/www.sudoestehoje.com.br\/novoportal\/wp-content\/uploads\/2023\/09\/WhatsApp-Image-2023-09-07-at-18.02.06-1536x865.jpeg 1536w, https:\/\/www.sudoestehoje.com.br\/novoportal\/wp-content\/uploads\/2023\/09\/WhatsApp-Image-2023-09-07-at-18.02.06.jpeg 1600w\" sizes=\"auto, (max-width: 551px) 100vw, 551px\" \/><\/p>\n<p><strong>O desfile impressionou a todos, a come\u00e7ar pela estrutura montada na Pra\u00e7a Dairy Valley, que chamou \u00e0 aten\u00e7\u00e3o desde o in\u00edcio da montagem, dois dias antes da festa c\u00edvica.\u00a0<\/strong><\/p>\n<p><strong>&#8220;Rodrigo caprichou&#8221;, disse um popular quando viu a montagem do palco e decora\u00e7\u00e3o da pra\u00e7a, ainda na v\u00e9spera, \u00e1 noite, se referindo ao esfor\u00e7o do prefeito Rodrigo Hagge, que investiu na estrutura, num ato de respeito e valoriza\u00e7\u00e3o dos estudantes e de seus familiares, que participaram do evento com entusiasmo.<\/strong><\/p>\n<p><img loading=\"lazy\" decoding=\"async\" class=\"alignnone wp-image-112502\" src=\"https:\/\/www.sudoestehoje.com.br\/novoportal\/wp-content\/uploads\/2023\/09\/WhatsApp-Image-2023-09-07-at-17.55.06-600x338.jpeg\" alt=\"\" width=\"550\" height=\"310\" srcset=\"https:\/\/www.sudoestehoje.com.br\/novoportal\/wp-content\/uploads\/2023\/09\/WhatsApp-Image-2023-09-07-at-17.55.06-600x338.jpeg 600w, https:\/\/www.sudoestehoje.com.br\/novoportal\/wp-content\/uploads\/2023\/09\/WhatsApp-Image-2023-09-07-at-17.55.06-700x394.jpeg 700w, https:\/\/www.sudoestehoje.com.br\/novoportal\/wp-content\/uploads\/2023\/09\/WhatsApp-Image-2023-09-07-at-17.55.06-768x432.jpeg 768w, https:\/\/www.sudoestehoje.com.br\/novoportal\/wp-content\/uploads\/2023\/09\/WhatsApp-Image-2023-09-07-at-17.55.06-1536x865.jpeg 1536w, https:\/\/www.sudoestehoje.com.br\/novoportal\/wp-content\/uploads\/2023\/09\/WhatsApp-Image-2023-09-07-at-17.55.06.jpeg 1600w\" sizes=\"auto, (max-width: 550px) 100vw, 550px\" \/><\/p>\n<p><strong>O desfile foi perfeito, confiram algumas imagens exclusivas do Sudoeste Hoje:<\/strong><\/p>\n\n\t\t<style type=\"text\/css\">\n\t\t\t#gallery-1 {\n\t\t\t\tmargin: auto;\n\t\t\t}\n\t\t\t#gallery-1 .gallery-item {\n\t\t\t\tfloat: left;\n\t\t\t\tmargin-top: 10px;\n\t\t\t\ttext-align: center;\n\t\t\t\twidth: 33%;\n\t\t\t}\n\t\t\t#gallery-1 img {\n\t\t\t\tborder: 2px solid #cfcfcf;\n\t\t\t}\n\t\t\t#gallery-1 .gallery-caption {\n\t\t\t\tmargin-left: 0;\n\t\t\t}\n\t\t\t\/* see gallery_shortcode() in wp-includes\/media.php *\/\n\t\t<\/style>\n\t\t<div id='gallery-1' class='gallery galleryid-112494 gallery-columns-3 gallery-size-thumbnail'><dl class='gallery-item'>\n\t\t\t<dt class='gallery-icon landscape'>\n\t\t\t\t<a href='https:\/\/www.sudoestehoje.com.br\/novoportal\/2023\/09\/07\/itapetinga-desfile-de-7-de-setembro-foi-o-mais-organizado-e-participativo-da-historia\/whatsapp-image-2023-09-07-at-18-14-19\/'><img loading=\"lazy\" decoding=\"async\" width=\"150\" height=\"150\" src=\"https:\/\/www.sudoestehoje.com.br\/novoportal\/wp-content\/uploads\/2023\/09\/WhatsApp-Image-2023-09-07-at-18.14.19-150x150.jpeg\" class=\"attachment-thumbnail size-thumbnail\" alt=\"\" \/><\/a>\n\t\t\t<\/dt><\/dl><dl class='gallery-item'>\n\t\t\t<dt class='gallery-icon landscape'>\n\t\t\t\t<a href='https:\/\/www.sudoestehoje.com.br\/novoportal\/2023\/09\/07\/itapetinga-desfile-de-7-de-setembro-foi-o-mais-organizado-e-participativo-da-historia\/whatsapp-image-2023-09-07-at-18-13-26\/'><img loading=\"lazy\" decoding=\"async\" width=\"150\" height=\"150\" src=\"https:\/\/www.sudoestehoje.com.br\/novoportal\/wp-content\/uploads\/2023\/09\/WhatsApp-Image-2023-09-07-at-18.13.26-150x150.jpeg\" class=\"attachment-thumbnail size-thumbnail\" alt=\"\" \/><\/a>\n\t\t\t<\/dt><\/dl><dl class='gallery-item'>\n\t\t\t<dt class='gallery-icon landscape'>\n\t\t\t\t<a href='https:\/\/www.sudoestehoje.com.br\/novoportal\/2023\/09\/07\/itapetinga-desfile-de-7-de-setembro-foi-o-mais-organizado-e-participativo-da-historia\/whatsapp-image-2023-09-07-at-18-11-24\/'><img loading=\"lazy\" decoding=\"async\" width=\"150\" height=\"150\" src=\"https:\/\/www.sudoestehoje.com.br\/novoportal\/wp-content\/uploads\/2023\/09\/WhatsApp-Image-2023-09-07-at-18.11.24-150x150.jpeg\" class=\"attachment-thumbnail size-thumbnail\" alt=\"\" \/><\/a>\n\t\t\t<\/dt><\/dl><br style=\"clear: both\" \/><dl class='gallery-item'>\n\t\t\t<dt class='gallery-icon landscape'>\n\t\t\t\t<a href='https:\/\/www.sudoestehoje.com.br\/novoportal\/2023\/09\/07\/itapetinga-desfile-de-7-de-setembro-foi-o-mais-organizado-e-participativo-da-historia\/whatsapp-image-2023-09-07-at-18-10-54\/'><img loading=\"lazy\" decoding=\"async\" width=\"150\" height=\"150\" src=\"https:\/\/www.sudoestehoje.com.br\/novoportal\/wp-content\/uploads\/2023\/09\/WhatsApp-Image-2023-09-07-at-18.10.54-150x150.jpeg\" class=\"attachment-thumbnail size-thumbnail\" alt=\"\" \/><\/a>\n\t\t\t<\/dt><\/dl><dl class='gallery-item'>\n\t\t\t<dt class='gallery-icon landscape'>\n\t\t\t\t<a href='https:\/\/www.sudoestehoje.com.br\/novoportal\/2023\/09\/07\/itapetinga-desfile-de-7-de-setembro-foi-o-mais-organizado-e-participativo-da-historia\/whatsapp-image-2023-09-07-at-18-09-57\/'><img loading=\"lazy\" decoding=\"async\" width=\"150\" height=\"150\" src=\"https:\/\/www.sudoestehoje.com.br\/novoportal\/wp-content\/uploads\/2023\/09\/WhatsApp-Image-2023-09-07-at-18.09.57-150x150.jpeg\" class=\"attachment-thumbnail size-thumbnail\" alt=\"\" \/><\/a>\n\t\t\t<\/dt><\/dl><dl class='gallery-item'>\n\t\t\t<dt class='gallery-icon landscape'>\n\t\t\t\t<a href='https:\/\/www.sudoestehoje.com.br\/novoportal\/2023\/09\/07\/itapetinga-desfile-de-7-de-setembro-foi-o-mais-organizado-e-participativo-da-historia\/whatsapp-image-2023-09-07-at-18-09-10\/'><img loading=\"lazy\" decoding=\"async\" width=\"150\" height=\"150\" src=\"https:\/\/www.sudoestehoje.com.br\/novoportal\/wp-content\/uploads\/2023\/09\/WhatsApp-Image-2023-09-07-at-18.09.10-150x150.jpeg\" class=\"attachment-thumbnail size-thumbnail\" alt=\"\" \/><\/a>\n\t\t\t<\/dt><\/dl><br style=\"clear: both\" \/><dl class='gallery-item'>\n\t\t\t<dt class='gallery-icon landscape'>\n\t\t\t\t<a href='https:\/\/www.sudoestehoje.com.br\/novoportal\/2023\/09\/07\/itapetinga-desfile-de-7-de-setembro-foi-o-mais-organizado-e-participativo-da-historia\/whatsapp-image-2023-09-07-at-18-08-45\/'><img loading=\"lazy\" decoding=\"async\" width=\"150\" height=\"150\" src=\"https:\/\/www.sudoestehoje.com.br\/novoportal\/wp-content\/uploads\/2023\/09\/WhatsApp-Image-2023-09-07-at-18.08.45-150x150.jpeg\" class=\"attachment-thumbnail size-thumbnail\" alt=\"\" \/><\/a>\n\t\t\t<\/dt><\/dl><dl class='gallery-item'>\n\t\t\t<dt class='gallery-icon landscape'>\n\t\t\t\t<a href='https:\/\/www.sudoestehoje.com.br\/novoportal\/2023\/09\/07\/itapetinga-desfile-de-7-de-setembro-foi-o-mais-organizado-e-participativo-da-historia\/whatsapp-image-2023-09-07-at-18-08-04\/'><img loading=\"lazy\" decoding=\"async\" width=\"150\" height=\"150\" src=\"https:\/\/www.sudoestehoje.com.br\/novoportal\/wp-content\/uploads\/2023\/09\/WhatsApp-Image-2023-09-07-at-18.08.04-150x150.jpeg\" class=\"attachment-thumbnail size-thumbnail\" alt=\"\" \/><\/a>\n\t\t\t<\/dt><\/dl><dl class='gallery-item'>\n\t\t\t<dt class='gallery-icon landscape'>\n\t\t\t\t<a href='https:\/\/www.sudoestehoje.com.br\/novoportal\/2023\/09\/07\/itapetinga-desfile-de-7-de-setembro-foi-o-mais-organizado-e-participativo-da-historia\/whatsapp-image-2023-09-07-at-18-07-40\/'><img loading=\"lazy\" decoding=\"async\" width=\"150\" height=\"150\" src=\"https:\/\/www.sudoestehoje.com.br\/novoportal\/wp-content\/uploads\/2023\/09\/WhatsApp-Image-2023-09-07-at-18.07.40-150x150.jpeg\" class=\"attachment-thumbnail size-thumbnail\" alt=\"\" \/><\/a>\n\t\t\t<\/dt><\/dl><br style=\"clear: both\" \/><dl class='gallery-item'>\n\t\t\t<dt class='gallery-icon landscape'>\n\t\t\t\t<a href='https:\/\/www.sudoestehoje.com.br\/novoportal\/2023\/09\/07\/itapetinga-desfile-de-7-de-setembro-foi-o-mais-organizado-e-participativo-da-historia\/whatsapp-image-2023-09-07-at-18-06-43\/'><img loading=\"lazy\" decoding=\"async\" width=\"150\" height=\"150\" src=\"https:\/\/www.sudoestehoje.com.br\/novoportal\/wp-content\/uploads\/2023\/09\/WhatsApp-Image-2023-09-07-at-18.06.43-150x150.jpeg\" class=\"attachment-thumbnail size-thumbnail\" alt=\"\" \/><\/a>\n\t\t\t<\/dt><\/dl><dl class='gallery-item'>\n\t\t\t<dt class='gallery-icon landscape'>\n\t\t\t\t<a href='https:\/\/www.sudoestehoje.com.br\/novoportal\/2023\/09\/07\/itapetinga-desfile-de-7-de-setembro-foi-o-mais-organizado-e-participativo-da-historia\/whatsapp-image-2023-09-07-at-18-06-19\/'><img loading=\"lazy\" decoding=\"async\" width=\"150\" height=\"150\" src=\"https:\/\/www.sudoestehoje.com.br\/novoportal\/wp-content\/uploads\/2023\/09\/WhatsApp-Image-2023-09-07-at-18.06.19-150x150.jpeg\" class=\"attachment-thumbnail size-thumbnail\" alt=\"\" \/><\/a>\n\t\t\t<\/dt><\/dl><dl class='gallery-item'>\n\t\t\t<dt class='gallery-icon landscape'>\n\t\t\t\t<a href='https:\/\/www.sudoestehoje.com.br\/novoportal\/2023\/09\/07\/itapetinga-desfile-de-7-de-setembro-foi-o-mais-organizado-e-participativo-da-historia\/whatsapp-image-2023-09-07-at-18-05-29\/'><img loading=\"lazy\" decoding=\"async\" width=\"150\" height=\"150\" src=\"https:\/\/www.sudoestehoje.com.br\/novoportal\/wp-content\/uploads\/2023\/09\/WhatsApp-Image-2023-09-07-at-18.05.29-150x150.jpeg\" class=\"attachment-thumbnail size-thumbnail\" alt=\"\" \/><\/a>\n\t\t\t<\/dt><\/dl><br style=\"clear: both\" \/><dl class='gallery-item'>\n\t\t\t<dt class='gallery-icon landscape'>\n\t\t\t\t<a href='https:\/\/www.sudoestehoje.com.br\/novoportal\/2023\/09\/07\/itapetinga-desfile-de-7-de-setembro-foi-o-mais-organizado-e-participativo-da-historia\/whatsapp-image-2023-09-07-at-18-05-03-2\/'><img loading=\"lazy\" decoding=\"async\" width=\"150\" height=\"150\" src=\"https:\/\/www.sudoestehoje.com.br\/novoportal\/wp-content\/uploads\/2023\/09\/WhatsApp-Image-2023-09-07-at-18.05.03-1-150x150.jpeg\" class=\"attachment-thumbnail size-thumbnail\" alt=\"\" \/><\/a>\n\t\t\t<\/dt><\/dl><dl class='gallery-item'>\n\t\t\t<dt class='gallery-icon landscape'>\n\t\t\t\t<a href='https:\/\/www.sudoestehoje.com.br\/novoportal\/2023\/09\/07\/itapetinga-desfile-de-7-de-setembro-foi-o-mais-organizado-e-participativo-da-historia\/whatsapp-image-2023-09-07-at-18-04-35\/'><img loading=\"lazy\" decoding=\"async\" width=\"150\" height=\"150\" src=\"https:\/\/www.sudoestehoje.com.br\/novoportal\/wp-content\/uploads\/2023\/09\/WhatsApp-Image-2023-09-07-at-18.04.35-150x150.jpeg\" class=\"attachment-thumbnail size-thumbnail\" alt=\"\" \/><\/a>\n\t\t\t<\/dt><\/dl><dl class='gallery-item'>\n\t\t\t<dt class='gallery-icon landscape'>\n\t\t\t\t<a href='https:\/\/www.sudoestehoje.com.br\/novoportal\/2023\/09\/07\/itapetinga-desfile-de-7-de-setembro-foi-o-mais-organizado-e-participativo-da-historia\/whatsapp-image-2023-09-07-at-18-04-07\/'><img loading=\"lazy\" decoding=\"async\" width=\"150\" height=\"150\" src=\"https:\/\/www.sudoestehoje.com.br\/novoportal\/wp-content\/uploads\/2023\/09\/WhatsApp-Image-2023-09-07-at-18.04.07-150x150.jpeg\" class=\"attachment-thumbnail size-thumbnail\" alt=\"\" \/><\/a>\n\t\t\t<\/dt><\/dl><br style=\"clear: both\" \/><dl class='gallery-item'>\n\t\t\t<dt class='gallery-icon landscape'>\n\t\t\t\t<a href='https:\/\/www.sudoestehoje.com.br\/novoportal\/2023\/09\/07\/itapetinga-desfile-de-7-de-setembro-foi-o-mais-organizado-e-participativo-da-historia\/whatsapp-image-2023-09-07-at-18-03-04\/'><img loading=\"lazy\" decoding=\"async\" width=\"150\" height=\"150\" src=\"https:\/\/www.sudoestehoje.com.br\/novoportal\/wp-content\/uploads\/2023\/09\/WhatsApp-Image-2023-09-07-at-18.03.04-150x150.jpeg\" class=\"attachment-thumbnail size-thumbnail\" alt=\"\" \/><\/a>\n\t\t\t<\/dt><\/dl><dl class='gallery-item'>\n\t\t\t<dt class='gallery-icon landscape'>\n\t\t\t\t<a href='https:\/\/www.sudoestehoje.com.br\/novoportal\/2023\/09\/07\/itapetinga-desfile-de-7-de-setembro-foi-o-mais-organizado-e-participativo-da-historia\/whatsapp-image-2023-09-07-at-18-02-28\/'><img loading=\"lazy\" decoding=\"async\" width=\"150\" height=\"150\" src=\"https:\/\/www.sudoestehoje.com.br\/novoportal\/wp-content\/uploads\/2023\/09\/WhatsApp-Image-2023-09-07-at-18.02.28-150x150.jpeg\" class=\"attachment-thumbnail size-thumbnail\" alt=\"\" \/><\/a>\n\t\t\t<\/dt><\/dl><dl class='gallery-item'>\n\t\t\t<dt class='gallery-icon landscape'>\n\t\t\t\t<a href='https:\/\/www.sudoestehoje.com.br\/novoportal\/2023\/09\/07\/itapetinga-desfile-de-7-de-setembro-foi-o-mais-organizado-e-participativo-da-historia\/whatsapp-image-2023-09-07-at-18-00-29\/'><img loading=\"lazy\" decoding=\"async\" width=\"150\" height=\"150\" src=\"https:\/\/www.sudoestehoje.com.br\/novoportal\/wp-content\/uploads\/2023\/09\/WhatsApp-Image-2023-09-07-at-18.00.29-150x150.jpeg\" class=\"attachment-thumbnail size-thumbnail\" alt=\"\" \/><\/a>\n\t\t\t<\/dt><\/dl><br style=\"clear: both\" \/><dl class='gallery-item'>\n\t\t\t<dt class='gallery-icon portrait'>\n\t\t\t\t<a href='https:\/\/www.sudoestehoje.com.br\/novoportal\/2023\/09\/07\/itapetinga-desfile-de-7-de-setembro-foi-o-mais-organizado-e-participativo-da-historia\/whatsapp-image-2023-09-07-at-17-59-24\/'><img loading=\"lazy\" decoding=\"async\" width=\"150\" height=\"150\" src=\"https:\/\/www.sudoestehoje.com.br\/novoportal\/wp-content\/uploads\/2023\/09\/WhatsApp-Image-2023-09-07-at-17.59.24-150x150.jpeg\" class=\"attachment-thumbnail size-thumbnail\" alt=\"\" \/><\/a>\n\t\t\t<\/dt><\/dl><dl class='gallery-item'>\n\t\t\t<dt class='gallery-icon landscape'>\n\t\t\t\t<a href='https:\/\/www.sudoestehoje.com.br\/novoportal\/2023\/09\/07\/itapetinga-desfile-de-7-de-setembro-foi-o-mais-organizado-e-participativo-da-historia\/whatsapp-image-2023-09-07-at-17-57-25\/'><img loading=\"lazy\" decoding=\"async\" width=\"150\" height=\"150\" src=\"https:\/\/www.sudoestehoje.com.br\/novoportal\/wp-content\/uploads\/2023\/09\/WhatsApp-Image-2023-09-07-at-17.57.25-150x150.jpeg\" class=\"attachment-thumbnail size-thumbnail\" alt=\"\" \/><\/a>\n\t\t\t<\/dt><\/dl><dl class='gallery-item'>\n\t\t\t<dt class='gallery-icon landscape'>\n\t\t\t\t<a href='https:\/\/www.sudoestehoje.com.br\/novoportal\/2023\/09\/07\/itapetinga-desfile-de-7-de-setembro-foi-o-mais-organizado-e-participativo-da-historia\/whatsapp-image-2023-09-07-at-17-56-52\/'><img loading=\"lazy\" decoding=\"async\" width=\"150\" height=\"150\" src=\"https:\/\/www.sudoestehoje.com.br\/novoportal\/wp-content\/uploads\/2023\/09\/WhatsApp-Image-2023-09-07-at-17.56.52-150x150.jpeg\" class=\"attachment-thumbnail size-thumbnail\" alt=\"\" \/><\/a>\n\t\t\t<\/dt><\/dl><br style=\"clear: both\" \/><dl class='gallery-item'>\n\t\t\t<dt class='gallery-icon landscape'>\n\t\t\t\t<a href='https:\/\/www.sudoestehoje.com.br\/novoportal\/2023\/09\/07\/itapetinga-desfile-de-7-de-setembro-foi-o-mais-organizado-e-participativo-da-historia\/whatsapp-image-2023-09-07-at-17-56-13\/'><img loading=\"lazy\" decoding=\"async\" width=\"150\" height=\"150\" src=\"https:\/\/www.sudoestehoje.com.br\/novoportal\/wp-content\/uploads\/2023\/09\/WhatsApp-Image-2023-09-07-at-17.56.13-150x150.jpeg\" class=\"attachment-thumbnail size-thumbnail\" alt=\"\" \/><\/a>\n\t\t\t<\/dt><\/dl><dl class='gallery-item'>\n\t\t\t<dt class='gallery-icon landscape'>\n\t\t\t\t<a href='https:\/\/www.sudoestehoje.com.br\/novoportal\/2023\/09\/07\/itapetinga-desfile-de-7-de-setembro-foi-o-mais-organizado-e-participativo-da-historia\/whatsapp-image-2023-09-07-at-17-55-41\/'><img loading=\"lazy\" decoding=\"async\" width=\"150\" height=\"150\" src=\"https:\/\/www.sudoestehoje.com.br\/novoportal\/wp-content\/uploads\/2023\/09\/WhatsApp-Image-2023-09-07-at-17.55.41-150x150.jpeg\" class=\"attachment-thumbnail size-thumbnail\" alt=\"\" \/><\/a>\n\t\t\t<\/dt><\/dl><dl class='gallery-item'>\n\t\t\t<dt class='gallery-icon landscape'>\n\t\t\t\t<a href='https:\/\/www.sudoestehoje.com.br\/novoportal\/2023\/09\/07\/itapetinga-desfile-de-7-de-setembro-foi-o-mais-organizado-e-participativo-da-historia\/whatsapp-image-2023-09-07-at-17-55-06\/'><img loading=\"lazy\" decoding=\"async\" width=\"150\" height=\"150\" src=\"https:\/\/www.sudoestehoje.com.br\/novoportal\/wp-content\/uploads\/2023\/09\/WhatsApp-Image-2023-09-07-at-17.55.06-150x150.jpeg\" class=\"attachment-thumbnail size-thumbnail\" alt=\"\" \/><\/a>\n\t\t\t<\/dt><\/dl><br style=\"clear: both\" \/><dl class='gallery-item'>\n\t\t\t<dt class='gallery-icon landscape'>\n\t\t\t\t<a href='https:\/\/www.sudoestehoje.com.br\/novoportal\/2023\/09\/07\/itapetinga-desfile-de-7-de-setembro-foi-o-mais-organizado-e-participativo-da-historia\/whatsapp-image-2023-09-07-at-17-54-34\/'><img loading=\"lazy\" decoding=\"async\" width=\"150\" height=\"150\" src=\"https:\/\/www.sudoestehoje.com.br\/novoportal\/wp-content\/uploads\/2023\/09\/WhatsApp-Image-2023-09-07-at-17.54.34-150x150.jpeg\" class=\"attachment-thumbnail size-thumbnail\" alt=\"\" \/><\/a>\n\t\t\t<\/dt><\/dl><dl class='gallery-item'>\n\t\t\t<dt class='gallery-icon landscape'>\n\t\t\t\t<a href='https:\/\/www.sudoestehoje.com.br\/novoportal\/2023\/09\/07\/itapetinga-desfile-de-7-de-setembro-foi-o-mais-organizado-e-participativo-da-historia\/whatsapp-image-2023-09-07-at-17-53-44\/'><img loading=\"lazy\" decoding=\"async\" width=\"150\" height=\"150\" src=\"https:\/\/www.sudoestehoje.com.br\/novoportal\/wp-content\/uploads\/2023\/09\/WhatsApp-Image-2023-09-07-at-17.53.44-150x150.jpeg\" class=\"attachment-thumbnail size-thumbnail\" alt=\"\" \/><\/a>\n\t\t\t<\/dt><\/dl><dl class='gallery-item'>\n\t\t\t<dt class='gallery-icon landscape'>\n\t\t\t\t<a href='https:\/\/www.sudoestehoje.com.br\/novoportal\/2023\/09\/07\/itapetinga-desfile-de-7-de-setembro-foi-o-mais-organizado-e-participativo-da-historia\/whatsapp-image-2023-09-07-at-17-52-02\/'><img loading=\"lazy\" decoding=\"async\" width=\"150\" height=\"150\" src=\"https:\/\/www.sudoestehoje.com.br\/novoportal\/wp-content\/uploads\/2023\/09\/WhatsApp-Image-2023-09-07-at-17.52.02-150x150.jpeg\" class=\"attachment-thumbnail size-thumbnail\" alt=\"\" \/><\/a>\n\t\t\t<\/dt><\/dl><br style=\"clear: both\" \/><dl class='gallery-item'>\n\t\t\t<dt class='gallery-icon landscape'>\n\t\t\t\t<a href='https:\/\/www.sudoestehoje.com.br\/novoportal\/2023\/09\/07\/itapetinga-desfile-de-7-de-setembro-foi-o-mais-organizado-e-participativo-da-historia\/whatsapp-image-2023-09-07-at-17-50-39\/'><img loading=\"lazy\" decoding=\"async\" width=\"150\" height=\"150\" src=\"https:\/\/www.sudoestehoje.com.br\/novoportal\/wp-content\/uploads\/2023\/09\/WhatsApp-Image-2023-09-07-at-17.50.39-150x150.jpeg\" class=\"attachment-thumbnail size-thumbnail\" alt=\"\" \/><\/a>\n\t\t\t<\/dt><\/dl><dl class='gallery-item'>\n\t\t\t<dt class='gallery-icon landscape'>\n\t\t\t\t<a href='https:\/\/www.sudoestehoje.com.br\/novoportal\/2023\/09\/07\/itapetinga-desfile-de-7-de-setembro-foi-o-mais-organizado-e-participativo-da-historia\/whatsapp-image-2023-09-07-at-18-02-06\/'><img loading=\"lazy\" decoding=\"async\" width=\"150\" height=\"150\" src=\"https:\/\/www.sudoestehoje.com.br\/novoportal\/wp-content\/uploads\/2023\/09\/WhatsApp-Image-2023-09-07-at-18.02.06-150x150.jpeg\" class=\"attachment-thumbnail size-thumbnail\" alt=\"\" \/><\/a>\n\t\t\t<\/dt><\/dl><dl class='gallery-item'>\n\t\t\t<dt class='gallery-icon landscape'>\n\t\t\t\t<a href='https:\/\/www.sudoestehoje.com.br\/novoportal\/2023\/09\/07\/itapetinga-desfile-de-7-de-setembro-foi-o-mais-organizado-e-participativo-da-historia\/whatsapp-image-2023-09-07-at-17-47-43-2\/'><img loading=\"lazy\" decoding=\"async\" width=\"150\" height=\"150\" src=\"https:\/\/www.sudoestehoje.com.br\/novoportal\/wp-content\/uploads\/2023\/09\/WhatsApp-Image-2023-09-07-at-17.47.43-1-150x150.jpeg\" class=\"attachment-thumbnail size-thumbnail\" alt=\"\" \/><\/a>\n\t\t\t<\/dt><\/dl><br style=\"clear: both\" \/>\n\t\t<\/div>\n\n","protected":false},"excerpt":{"rendered":"<p>Sob o comando do competente Secret\u00e1rio de Educa\u00e7\u00e3o F\u00e1bio Viana e sua equipe, o desfile comemorativo ao 7 de Setembro em Itapetinga, 2023, foi o mais organizado e participativo da hist\u00f3ria recente do munic\u00edpio. O desfile impressionou a todos, a come\u00e7ar pela estrutura montada na Pra\u00e7a Dairy Valley, que chamou \u00e0 aten\u00e7\u00e3o desde o in\u00edcio [&hellip;]<\/p>\n","protected":false},"author":2,"featured_media":112499,"comment_status":"closed","ping_status":"open","sticky":false,"template":"","format":"standard","meta":{"footnotes":"","_links_to":"","_links_to_target":""},"categories":[1],"tags":[],"class_list":["post-112494","post","type-post","status-publish","format-standard","has-post-thumbnail","hentry","category-geral"],"views":1258,"_links":{"self":[{"href":"https:\/\/www.sudoestehoje.com.br\/novoportal\/wp-json\/wp\/v2\/posts\/112494","targetHints":{"allow":["GET"]}}],"collection":[{"href":"https:\/\/www.sudoestehoje.com.br\/novoportal\/wp-json\/wp\/v2\/posts"}],"about":[{"href":"https:\/\/www.sudoestehoje.com.br\/novoportal\/wp-json\/wp\/v2\/types\/post"}],"author":[{"embeddable":true,"href":"https:\/\/www.sudoestehoje.com.br\/novoportal\/wp-json\/wp\/v2\/users\/2"}],"replies":[{"embeddable":true,"href":"https:\/\/www.sudoestehoje.com.br\/novoportal\/wp-json\/wp\/v2\/comments?post=112494"}],"version-history":[{"count":4,"href":"https:\/\/www.sudoestehoje.com.br\/novoportal\/wp-json\/wp\/v2\/posts\/112494\/revisions"}],"predecessor-version":[{"id":112542,"href":"https:\/\/www.sudoestehoje.com.br\/novoportal\/wp-json\/wp\/v2\/posts\/112494\/revisions\/112542"}],"wp:featuredmedia":[{"embeddable":true,"href":"https:\/\/www.sudoestehoje.com.br\/novoportal\/wp-json\/wp\/v2\/media\/112499"}],"wp:attachment":[{"href":"https:\/\/www.sudoestehoje.com.br\/novoportal\/wp-json\/wp\/v2\/media?parent=112494"}],"wp:term":[{"taxonomy":"category","embeddable":true,"href":"https:\/\/www.sudoestehoje.com.br\/novoportal\/wp-json\/wp\/v2\/categories?post=112494"},{"taxonomy":"post_tag","embeddable":true,"href":"https:\/\/www.sudoestehoje.com.br\/novoportal\/wp-json\/wp\/v2\/tags?post=112494"}],"curies":[{"name":"wp","href":"https:\/\/api.w.org\/{rel}","templated":true}]}}