
{"id":112489,"date":"2023-09-06T10:27:31","date_gmt":"2023-09-06T13:27:31","guid":{"rendered":"https:\/\/www.sudoestehoje.com.br\/novoportal\/?p=112489"},"modified":"2023-09-06T10:27:31","modified_gmt":"2023-09-06T13:27:31","slug":"estrutura-para-o-desfile-de-7-de-setembro-esta-sendo-montada-na-praca-dairy-valley","status":"publish","type":"post","link":"https:\/\/www.sudoestehoje.com.br\/novoportal\/2023\/09\/06\/estrutura-para-o-desfile-de-7-de-setembro-esta-sendo-montada-na-praca-dairy-valley\/","title":{"rendered":"ESTRUTURA PARA O DESFILE DE 7 DE SETEMBRO EST\u00c1 SENDO MONTADA NA PRA\u00c7A DAIRY VALLEY"},"content":{"rendered":"<p><img loading=\"lazy\" decoding=\"async\" class=\"alignnone  wp-image-112491\" src=\"https:\/\/www.sudoestehoje.com.br\/novoportal\/wp-content\/uploads\/2023\/09\/WhatsApp-Image-2023-09-06-at-10.22.57-600x338.jpeg\" alt=\"\" width=\"551\" height=\"310\" srcset=\"https:\/\/www.sudoestehoje.com.br\/novoportal\/wp-content\/uploads\/2023\/09\/WhatsApp-Image-2023-09-06-at-10.22.57-600x338.jpeg 600w, https:\/\/www.sudoestehoje.com.br\/novoportal\/wp-content\/uploads\/2023\/09\/WhatsApp-Image-2023-09-06-at-10.22.57-700x394.jpeg 700w, https:\/\/www.sudoestehoje.com.br\/novoportal\/wp-content\/uploads\/2023\/09\/WhatsApp-Image-2023-09-06-at-10.22.57-768x432.jpeg 768w, https:\/\/www.sudoestehoje.com.br\/novoportal\/wp-content\/uploads\/2023\/09\/WhatsApp-Image-2023-09-06-at-10.22.57-1536x865.jpeg 1536w, https:\/\/www.sudoestehoje.com.br\/novoportal\/wp-content\/uploads\/2023\/09\/WhatsApp-Image-2023-09-06-at-10.22.57.jpeg 1600w\" sizes=\"auto, (max-width: 551px) 100vw, 551px\" \/><\/p>\n<p><strong>Os preparativos para realiza\u00e7\u00e3o do desfile de 7 de Setembro, em Itapetinga, est\u00e3o de vento em popa, com uma in\u00e9dita estrutura sendo montada na Pra\u00e7a Dairy Valley, em frente \u00e0 prefeitura.<\/strong><\/p>\n<p><strong>De acordo com informa\u00e7\u00f5es e o avan\u00e7o da montagem, percebe-se que algumas novidades ser\u00e3o apresentadas, para maior conforto do p\u00fablico e participantes do tradicional desfile, que acontecer\u00e1 nesta quinta, a partir das 8h da manh\u00e3.<\/strong><\/p>\n<p><strong>Reda\u00e7\u00e3o SH\u00a0<\/strong><\/p>\n","protected":false},"excerpt":{"rendered":"<p>Os preparativos para realiza\u00e7\u00e3o do desfile de 7 de Setembro, em Itapetinga, est\u00e3o de vento em popa, com uma in\u00e9dita estrutura sendo montada na Pra\u00e7a Dairy Valley, em frente \u00e0 prefeitura. De acordo com informa\u00e7\u00f5es e o avan\u00e7o da montagem, percebe-se que algumas novidades ser\u00e3o apresentadas, para maior conforto do p\u00fablico e participantes do tradicional [&hellip;]<\/p>\n","protected":false},"author":2,"featured_media":112491,"comment_status":"closed","ping_status":"open","sticky":false,"template":"","format":"standard","meta":{"footnotes":"","_links_to":"","_links_to_target":""},"categories":[1],"tags":[],"class_list":["post-112489","post","type-post","status-publish","format-standard","has-post-thumbnail","hentry","category-geral"],"views":741,"_links":{"self":[{"href":"https:\/\/www.sudoestehoje.com.br\/novoportal\/wp-json\/wp\/v2\/posts\/112489","targetHints":{"allow":["GET"]}}],"collection":[{"href":"https:\/\/www.sudoestehoje.com.br\/novoportal\/wp-json\/wp\/v2\/posts"}],"about":[{"href":"https:\/\/www.sudoestehoje.com.br\/novoportal\/wp-json\/wp\/v2\/types\/post"}],"author":[{"embeddable":true,"href":"https:\/\/www.sudoestehoje.com.br\/novoportal\/wp-json\/wp\/v2\/users\/2"}],"replies":[{"embeddable":true,"href":"https:\/\/www.sudoestehoje.com.br\/novoportal\/wp-json\/wp\/v2\/comments?post=112489"}],"version-history":[{"count":3,"href":"https:\/\/www.sudoestehoje.com.br\/novoportal\/wp-json\/wp\/v2\/posts\/112489\/revisions"}],"predecessor-version":[{"id":112493,"href":"https:\/\/www.sudoestehoje.com.br\/novoportal\/wp-json\/wp\/v2\/posts\/112489\/revisions\/112493"}],"wp:featuredmedia":[{"embeddable":true,"href":"https:\/\/www.sudoestehoje.com.br\/novoportal\/wp-json\/wp\/v2\/media\/112491"}],"wp:attachment":[{"href":"https:\/\/www.sudoestehoje.com.br\/novoportal\/wp-json\/wp\/v2\/media?parent=112489"}],"wp:term":[{"taxonomy":"category","embeddable":true,"href":"https:\/\/www.sudoestehoje.com.br\/novoportal\/wp-json\/wp\/v2\/categories?post=112489"},{"taxonomy":"post_tag","embeddable":true,"href":"https:\/\/www.sudoestehoje.com.br\/novoportal\/wp-json\/wp\/v2\/tags?post=112489"}],"curies":[{"name":"wp","href":"https:\/\/api.w.org\/{rel}","templated":true}]}}