
{"id":112485,"date":"2023-09-06T10:03:14","date_gmt":"2023-09-06T13:03:14","guid":{"rendered":"https:\/\/www.sudoestehoje.com.br\/novoportal\/?p=112485"},"modified":"2023-09-06T10:03:14","modified_gmt":"2023-09-06T13:03:14","slug":"bairros-de-salvador-seguem-com-clima-de-terror-e-registram-novas-trocas-de-tiros","status":"publish","type":"post","link":"https:\/\/www.sudoestehoje.com.br\/novoportal\/2023\/09\/06\/bairros-de-salvador-seguem-com-clima-de-terror-e-registram-novas-trocas-de-tiros\/","title":{"rendered":"BAIRROS DE SALVADOR SEGUEM COM CLIMA DE TERROR E REGISTRAM NOVAS TROCAS DE TIROS"},"content":{"rendered":"<p><img loading=\"lazy\" decoding=\"async\" class=\"alignnone  wp-image-112487\" src=\"https:\/\/www.sudoestehoje.com.br\/novoportal\/wp-content\/uploads\/2023\/09\/salvador.jpg\" alt=\"\" width=\"551\" height=\"345\" \/><\/p>\n<p><strong>Moradores dos bairros Calabar, Alto das Pombas, Engenho Velho de Brotas e Nordeste de Amaralina, em Salvador, viveram um clima de terror na noite de ter\u00e7a-feira (5) e madrugada desta quarta (6), ap\u00f3s intensas trocas de tiros entre fac\u00e7\u00f5es criminosas.<\/strong><\/p>\n<p><strong>No Alto das Pombas e Calabar, regi\u00e3o mais central da capital baiana, escolas est\u00e3o sem aulas desde a segunda-feira (4), por causa da inseguran\u00e7a. As atividades v\u00e3o seguir suspensas nesta quarta, e o policiamento continua refor\u00e7ado em toda regi\u00e3o, inclusive com monitoramento a\u00e9reo.<\/strong><\/p>\n<p><strong>Por causa do clima de medo, algumas fam\u00edlias decidiram deixar os bairros na noite de segunda-feira. Outros moradores, que ainda est\u00e3o no Alto das Pombas e no Calabar, n\u00e3o descartam a possibilidade de mudan\u00e7a.<\/strong><\/p>\n<p><strong>Entre segunda e ter\u00e7a-feira (5), dez suspeitos morreram em confrontos com a pol\u00edcia. N\u00e3o h\u00e1 registro de policiais ou moradores inocentes feridos.<\/strong><\/p>\n<p><strong>O bairro Engenho Velho de Brotas foi alvo de invas\u00e3o da fac\u00e7\u00e3o Comando Vermelho, na noite desta ter\u00e7a-feira (5). Em v\u00eddeo, divulgado nas redes sociais, \u00e9 poss\u00edvel ouvir v\u00e1rios disparos acontecendo na regi\u00e3o.<\/strong><\/p>\n<p><strong>Nas imagens, onde \u00e9 poss\u00edvel ouvir bastante tiros no fundo, o internauta que filma a regi\u00e3o, diz que viu traficantes passando na localidade correndo armados e descreve que o tiroteio j\u00e1 estava acontecendo a cerca de 20 minutos; \u201cAcabou Salvador\u201d.<\/strong><\/p>\n","protected":false},"excerpt":{"rendered":"<p>Moradores dos bairros Calabar, Alto das Pombas, Engenho Velho de Brotas e Nordeste de Amaralina, em Salvador, viveram um clima de terror na noite de ter\u00e7a-feira (5) e madrugada desta quarta (6), ap\u00f3s intensas trocas de tiros entre fac\u00e7\u00f5es criminosas. No Alto das Pombas e Calabar, regi\u00e3o mais central da capital baiana, escolas est\u00e3o sem [&hellip;]<\/p>\n","protected":false},"author":2,"featured_media":112487,"comment_status":"closed","ping_status":"open","sticky":false,"template":"","format":"standard","meta":{"footnotes":"","_links_to":"","_links_to_target":""},"categories":[1],"tags":[],"class_list":["post-112485","post","type-post","status-publish","format-standard","has-post-thumbnail","hentry","category-geral"],"views":706,"_links":{"self":[{"href":"https:\/\/www.sudoestehoje.com.br\/novoportal\/wp-json\/wp\/v2\/posts\/112485","targetHints":{"allow":["GET"]}}],"collection":[{"href":"https:\/\/www.sudoestehoje.com.br\/novoportal\/wp-json\/wp\/v2\/posts"}],"about":[{"href":"https:\/\/www.sudoestehoje.com.br\/novoportal\/wp-json\/wp\/v2\/types\/post"}],"author":[{"embeddable":true,"href":"https:\/\/www.sudoestehoje.com.br\/novoportal\/wp-json\/wp\/v2\/users\/2"}],"replies":[{"embeddable":true,"href":"https:\/\/www.sudoestehoje.com.br\/novoportal\/wp-json\/wp\/v2\/comments?post=112485"}],"version-history":[{"count":2,"href":"https:\/\/www.sudoestehoje.com.br\/novoportal\/wp-json\/wp\/v2\/posts\/112485\/revisions"}],"predecessor-version":[{"id":112488,"href":"https:\/\/www.sudoestehoje.com.br\/novoportal\/wp-json\/wp\/v2\/posts\/112485\/revisions\/112488"}],"wp:featuredmedia":[{"embeddable":true,"href":"https:\/\/www.sudoestehoje.com.br\/novoportal\/wp-json\/wp\/v2\/media\/112487"}],"wp:attachment":[{"href":"https:\/\/www.sudoestehoje.com.br\/novoportal\/wp-json\/wp\/v2\/media?parent=112485"}],"wp:term":[{"taxonomy":"category","embeddable":true,"href":"https:\/\/www.sudoestehoje.com.br\/novoportal\/wp-json\/wp\/v2\/categories?post=112485"},{"taxonomy":"post_tag","embeddable":true,"href":"https:\/\/www.sudoestehoje.com.br\/novoportal\/wp-json\/wp\/v2\/tags?post=112485"}],"curies":[{"name":"wp","href":"https:\/\/api.w.org\/{rel}","templated":true}]}}