
{"id":112481,"date":"2023-09-06T09:41:28","date_gmt":"2023-09-06T12:41:28","guid":{"rendered":"https:\/\/www.sudoestehoje.com.br\/novoportal\/?p=112481"},"modified":"2023-09-06T09:41:28","modified_gmt":"2023-09-06T12:41:28","slug":"clima-ciclone-deixa-27-mortos-e-causa-enchentes-na-regiao-sul-do-brasil","status":"publish","type":"post","link":"https:\/\/www.sudoestehoje.com.br\/novoportal\/2023\/09\/06\/clima-ciclone-deixa-27-mortos-e-causa-enchentes-na-regiao-sul-do-brasil\/","title":{"rendered":"CLIMA | CICLONE DEIXA 27 MORTOS E CAUSA ENCHENTES NA REGI\u00c3O SUL DO BRASIL"},"content":{"rendered":"<div id=\"attachment_112483\" style=\"width: 560px\" class=\"wp-caption alignnone\"><img loading=\"lazy\" decoding=\"async\" aria-describedby=\"caption-attachment-112483\" class=\" wp-image-112483\" src=\"https:\/\/www.sudoestehoje.com.br\/novoportal\/wp-content\/uploads\/2023\/09\/lajeado_1-e1693998246672-1.jpg\" alt=\"\" width=\"550\" height=\"329\" \/><p id=\"caption-attachment-112483\" class=\"wp-caption-text\">05\/09\/2023, Enchente do Rio Taquari na cidade de Lajeado\u00a0(RS). Foto: marcelocaumors\/Instagram<\/p><\/div>\n<p><strong>Mais seis mortes causadas pela chuva no RS foram confirmadas pela Defesa Civil do estado nesta quarta-feira (6). Todas aconteceram em Roca Sales, na Regi\u00e3o dos Vales. Com isso, o n\u00famero total de v\u00edtimas fatais da passagem do ciclone pelo estado chega a 27.<\/strong><\/p>\n<p><strong>As 27 mortes registradas no Rio Grande do Sul at\u00e9 a manh\u00e3 desta quarta j\u00e1 superam a maior trag\u00e9dia natural das \u00faltimas quatro d\u00e9cadas no estado, quando 16 pessoas morreram em junho. Em entrevista na noite de ter\u00e7a, o governador Eduardo Leite confirmou que se trata da pior trag\u00e9dia natural do estado.<\/strong><\/p>\n<p><strong>No fim desta tarde, o governador do Rio Grande do Sul, Eduardo Leite, confirmou que este \u00e9 o maior n\u00famero de mortes em situa\u00e7\u00f5es como essa, no estado.<\/strong><\/p>\n<p><strong>No oeste de Santa Catarina, um homem morreu ap\u00f3s o carro em que ele estava ser atingido pela queda de uma \u00e1rvore derrubada durante uma ventania de 110 km\/h em Jupi\u00e1, na segunda-feira (4).<\/strong><\/p>\n<p><strong>Os dois estados registram tamb\u00e9m in\u00fameros estragos provocados pelas tempestades. Em Santa Catarina, a Defesa Civil do estado confirmou a ocorr\u00eancia de um tornado no munic\u00edpio de Santa Cec\u00edlia, na comunidade de Anta Morta.<\/strong><\/p>\n<p><strong>De acordo com o governo ga\u00facho, o Rio Taquari inundou as cidades de Mu\u00e7um, Roca Sales, Lajeado, Estrela, Arroio do Meio, Encantado e Colinas.<\/strong><\/p>\n<p><strong>No momento, o Rio Taquari permanece acima da cota de inunda\u00e7\u00e3o nas esta\u00e7\u00f5es Mu\u00e7um, Encantado e Estrela. J\u00e1 o Rio Ca\u00ed ultrapassou esse n\u00edvel nas cidades de S\u00e3o Sebasti\u00e3o do Ca\u00ed e Montenegro. No Rio Grande do Sul, a Defesa Civil alerta para inunda\u00e7\u00e3o do Rio Ca\u00ed, que continua em eleva\u00e7\u00e3o a partir do munic\u00edpio de S\u00e3o Sebasti\u00e3o do Ca\u00ed. H\u00e1 risco de deslizamentos de terra, pois o solo continua \u00famido. Em quase todos esses munic\u00edpios, fam\u00edlias est\u00e3o sendo retiradas de suas casas de forma preventiva.<\/strong><\/p>\n<p><strong>O estado registrou tamb\u00e9m queda de granizo, ventos fortes e tempestades, com os chamados transtornos associados (como enxurradas e inunda\u00e7\u00f5es). Os estragos ocorreram, principalmente, na regi\u00e3o dos Vales, no Norte e na Serra Ga\u00facha. Em alguns munic\u00edpios, h\u00e1 pontes submersas ou interditadas. As enxurradas provocaram tamb\u00e9m a ruptura da ponte que liga Farroupilha a Nova Roma, com a queda de uma das cabeceiras.<\/strong><\/p>\n<p><strong>No balan\u00e7o mais recente, a Defesa Civil ga\u00facha registrou 62 munic\u00edpios afetados pelas consequ\u00eancias do ciclone extratropical dos \u00faltimos dias e estimou em 25.734 o n\u00famero de pessoas afetadas em todo o estado. No momento, o n\u00famero de desalojados caiu de 2.649 para 215. A Defesa Civil contabilizou tamb\u00e9m 309 casas destelhadas e tr\u00eas destru\u00eddas.<\/strong><\/p>\n<p><strong>As informa\u00e7\u00f5es s\u00e3o da Ag\u00eancia Brasil<\/strong><\/p>\n","protected":false},"excerpt":{"rendered":"<p>Mais seis mortes causadas pela chuva no RS foram confirmadas pela Defesa Civil do estado nesta quarta-feira (6). Todas aconteceram em Roca Sales, na Regi\u00e3o dos Vales. Com isso, o n\u00famero total de v\u00edtimas fatais da passagem do ciclone pelo estado chega a 27. As 27 mortes registradas no Rio Grande do Sul at\u00e9 a [&hellip;]<\/p>\n","protected":false},"author":2,"featured_media":112483,"comment_status":"closed","ping_status":"open","sticky":false,"template":"","format":"standard","meta":{"footnotes":"","_links_to":"","_links_to_target":""},"categories":[1],"tags":[],"class_list":["post-112481","post","type-post","status-publish","format-standard","has-post-thumbnail","hentry","category-geral"],"views":727,"_links":{"self":[{"href":"https:\/\/www.sudoestehoje.com.br\/novoportal\/wp-json\/wp\/v2\/posts\/112481","targetHints":{"allow":["GET"]}}],"collection":[{"href":"https:\/\/www.sudoestehoje.com.br\/novoportal\/wp-json\/wp\/v2\/posts"}],"about":[{"href":"https:\/\/www.sudoestehoje.com.br\/novoportal\/wp-json\/wp\/v2\/types\/post"}],"author":[{"embeddable":true,"href":"https:\/\/www.sudoestehoje.com.br\/novoportal\/wp-json\/wp\/v2\/users\/2"}],"replies":[{"embeddable":true,"href":"https:\/\/www.sudoestehoje.com.br\/novoportal\/wp-json\/wp\/v2\/comments?post=112481"}],"version-history":[{"count":1,"href":"https:\/\/www.sudoestehoje.com.br\/novoportal\/wp-json\/wp\/v2\/posts\/112481\/revisions"}],"predecessor-version":[{"id":112484,"href":"https:\/\/www.sudoestehoje.com.br\/novoportal\/wp-json\/wp\/v2\/posts\/112481\/revisions\/112484"}],"wp:featuredmedia":[{"embeddable":true,"href":"https:\/\/www.sudoestehoje.com.br\/novoportal\/wp-json\/wp\/v2\/media\/112483"}],"wp:attachment":[{"href":"https:\/\/www.sudoestehoje.com.br\/novoportal\/wp-json\/wp\/v2\/media?parent=112481"}],"wp:term":[{"taxonomy":"category","embeddable":true,"href":"https:\/\/www.sudoestehoje.com.br\/novoportal\/wp-json\/wp\/v2\/categories?post=112481"},{"taxonomy":"post_tag","embeddable":true,"href":"https:\/\/www.sudoestehoje.com.br\/novoportal\/wp-json\/wp\/v2\/tags?post=112481"}],"curies":[{"name":"wp","href":"https:\/\/api.w.org\/{rel}","templated":true}]}}