
{"id":112474,"date":"2023-09-06T09:30:35","date_gmt":"2023-09-06T12:30:35","guid":{"rendered":"https:\/\/www.sudoestehoje.com.br\/novoportal\/?p=112474"},"modified":"2023-09-06T09:31:53","modified_gmt":"2023-09-06T12:31:53","slug":"escolas-particulares-da-bahia-nao-podem-cobrar-taxa-de-prova-de-segunda-chamada","status":"publish","type":"post","link":"https:\/\/www.sudoestehoje.com.br\/novoportal\/2023\/09\/06\/escolas-particulares-da-bahia-nao-podem-cobrar-taxa-de-prova-de-segunda-chamada\/","title":{"rendered":"ESCOLAS PARTICULARES DA BAHIA N\u00c3O PODEM COBRAR TAXA POR PROVA DE SEGUNDA CHAMADA"},"content":{"rendered":"<p data-sourcepos=\"5:1-5:257\"><img loading=\"lazy\" decoding=\"async\" class=\"alignnone wp-image-112477\" src=\"https:\/\/www.sudoestehoje.com.br\/novoportal\/wp-content\/uploads\/2023\/09\/avaliacao-aluno-fazendo-prova-getty-images-600x400.jpg\" alt=\"\" width=\"549\" height=\"366\" srcset=\"https:\/\/www.sudoestehoje.com.br\/novoportal\/wp-content\/uploads\/2023\/09\/avaliacao-aluno-fazendo-prova-getty-images-600x400.jpg 600w, https:\/\/www.sudoestehoje.com.br\/novoportal\/wp-content\/uploads\/2023\/09\/avaliacao-aluno-fazendo-prova-getty-images-700x466.jpg 700w, https:\/\/www.sudoestehoje.com.br\/novoportal\/wp-content\/uploads\/2023\/09\/avaliacao-aluno-fazendo-prova-getty-images-768x512.jpg 768w, https:\/\/www.sudoestehoje.com.br\/novoportal\/wp-content\/uploads\/2023\/09\/avaliacao-aluno-fazendo-prova-getty-images.jpg 1280w\" sizes=\"auto, (max-width: 549px) 100vw, 549px\" \/><\/p>\n<p data-sourcepos=\"5:1-5:257\"><strong>O governador da Bahia, Jer\u00f4nimo Rodrigues, sancionou uma lei que pro\u00edbe escolas particulares do estado de cobrar taxa para a realiza\u00e7\u00e3o de prova de segunda chamada do estudante que justificar a aus\u00eancia por motivo de sa\u00fade, caso fortuito ou for\u00e7a maior. As informa\u00e7\u00f5es s\u00e3o do\u00a0Bahia Not\u00edcias.<\/strong><\/p>\n<p data-sourcepos=\"7:1-7:245\"><strong>Segundo a publica\u00e7\u00e3o, a lei, que foi proposta pelo deputado estadual Thiago Correia (PSDB), tamb\u00e9m determina que as institui\u00e7\u00f5es de ensino n\u00e3o poder\u00e3o impedir o aluno de realizar provas, testes, exames ou outras formas de avalia\u00e7\u00e3o, por falta de pagamento pr\u00e9vio.<\/strong><\/p>\n<p data-sourcepos=\"9:1-9:132\"><strong>Em caso de descumprimento da lei, as escolas estar\u00e3o sujeitas a multa e ao ressarcimento em dobro do valor cobrado ao estudante.<\/strong><\/p>\n<p data-sourcepos=\"11:1-11:127\"><strong>A mudan\u00e7a foi bem recebida por estudantes e pais, que consideram a taxa de prova de segunda chamada um custo desnecess\u00e1rio.<\/strong><\/p>\n<p data-sourcepos=\"13:1-13:201\"><strong>\u201cEssa lei \u00e9 um avan\u00e7o para a educa\u00e7\u00e3o na Bahia\u201d, disse o deputado Thiago Correia. \u201cEla garante que os estudantes que faltarem a uma prova por motivos justos n\u00e3o sejam prejudicados financeiramente.\u201d<\/strong><\/p>\n<p data-sourcepos=\"15:1-15:129\"><strong>A lei n\u00ba 14.622, que foi publicada no Di\u00e1rio Oficial do Estado da Bahia nesta quarta-feira (6), entra em vigor imediatamente.<\/strong><\/p>\n","protected":false},"excerpt":{"rendered":"<p>O governador da Bahia, Jer\u00f4nimo Rodrigues, sancionou uma lei que pro\u00edbe escolas particulares do estado de cobrar taxa para a realiza\u00e7\u00e3o de prova de segunda chamada do estudante que justificar a aus\u00eancia por motivo de sa\u00fade, caso fortuito ou for\u00e7a maior. As informa\u00e7\u00f5es s\u00e3o do\u00a0Bahia Not\u00edcias. Segundo a publica\u00e7\u00e3o, a lei, que foi proposta pelo [&hellip;]<\/p>\n","protected":false},"author":2,"featured_media":112477,"comment_status":"closed","ping_status":"open","sticky":false,"template":"","format":"standard","meta":{"footnotes":"","_links_to":"","_links_to_target":""},"categories":[1],"tags":[],"class_list":["post-112474","post","type-post","status-publish","format-standard","has-post-thumbnail","hentry","category-geral"],"views":796,"_links":{"self":[{"href":"https:\/\/www.sudoestehoje.com.br\/novoportal\/wp-json\/wp\/v2\/posts\/112474","targetHints":{"allow":["GET"]}}],"collection":[{"href":"https:\/\/www.sudoestehoje.com.br\/novoportal\/wp-json\/wp\/v2\/posts"}],"about":[{"href":"https:\/\/www.sudoestehoje.com.br\/novoportal\/wp-json\/wp\/v2\/types\/post"}],"author":[{"embeddable":true,"href":"https:\/\/www.sudoestehoje.com.br\/novoportal\/wp-json\/wp\/v2\/users\/2"}],"replies":[{"embeddable":true,"href":"https:\/\/www.sudoestehoje.com.br\/novoportal\/wp-json\/wp\/v2\/comments?post=112474"}],"version-history":[{"count":5,"href":"https:\/\/www.sudoestehoje.com.br\/novoportal\/wp-json\/wp\/v2\/posts\/112474\/revisions"}],"predecessor-version":[{"id":112480,"href":"https:\/\/www.sudoestehoje.com.br\/novoportal\/wp-json\/wp\/v2\/posts\/112474\/revisions\/112480"}],"wp:featuredmedia":[{"embeddable":true,"href":"https:\/\/www.sudoestehoje.com.br\/novoportal\/wp-json\/wp\/v2\/media\/112477"}],"wp:attachment":[{"href":"https:\/\/www.sudoestehoje.com.br\/novoportal\/wp-json\/wp\/v2\/media?parent=112474"}],"wp:term":[{"taxonomy":"category","embeddable":true,"href":"https:\/\/www.sudoestehoje.com.br\/novoportal\/wp-json\/wp\/v2\/categories?post=112474"},{"taxonomy":"post_tag","embeddable":true,"href":"https:\/\/www.sudoestehoje.com.br\/novoportal\/wp-json\/wp\/v2\/tags?post=112474"}],"curies":[{"name":"wp","href":"https:\/\/api.w.org\/{rel}","templated":true}]}}