
{"id":112463,"date":"2023-09-05T18:34:16","date_gmt":"2023-09-05T21:34:16","guid":{"rendered":"https:\/\/www.sudoestehoje.com.br\/novoportal\/?p=112463"},"modified":"2023-09-05T18:36:08","modified_gmt":"2023-09-05T21:36:08","slug":"itapetinga-prefeito-rodrigo-decreta-ponto-facultativo-para-o-dia-8-de-setembro","status":"publish","type":"post","link":"https:\/\/www.sudoestehoje.com.br\/novoportal\/2023\/09\/05\/itapetinga-prefeito-rodrigo-decreta-ponto-facultativo-para-o-dia-8-de-setembro\/","title":{"rendered":"ITAPETINGA | PREFEITO RODRIGO DECRETA PONTO FACULTATIVO PARA O DIA 8 DE SETEMBRO"},"content":{"rendered":"<p><img loading=\"lazy\" decoding=\"async\" class=\"alignnone wp-image-112464\" src=\"https:\/\/www.sudoestehoje.com.br\/novoportal\/wp-content\/uploads\/2023\/09\/1693841942_19488-600x356.webp\" alt=\"\" width=\"551\" height=\"327\" srcset=\"https:\/\/www.sudoestehoje.com.br\/novoportal\/wp-content\/uploads\/2023\/09\/1693841942_19488-600x356.webp 600w, https:\/\/www.sudoestehoje.com.br\/novoportal\/wp-content\/uploads\/2023\/09\/1693841942_19488-700x415.webp 700w, https:\/\/www.sudoestehoje.com.br\/novoportal\/wp-content\/uploads\/2023\/09\/1693841942_19488-768x455.webp 768w, https:\/\/www.sudoestehoje.com.br\/novoportal\/wp-content\/uploads\/2023\/09\/1693841942_19488.webp 1000w\" sizes=\"auto, (max-width: 551px) 100vw, 551px\" \/><\/p>\n<p><strong>Em virtude das comemora\u00e7\u00f5es da Semana da P\u00e1tria, o prefeito Rodrigo Hagge decretou &#8216;ponto facultativo&#8217; nas reparti\u00e7\u00f5es p\u00fablicas municipais, para a pr\u00f3xima sexta-feira, 8 de setembro. Excetuam-se os servi\u00e7os de emerg\u00eancia, como sa\u00fade, limpeza p\u00fablica, dentre outros.<\/strong><\/p>\n<p><strong>Na quinta, dia 7 de setembro, acontecer\u00e1 o tradicional desfile da Independ\u00eancia, na Pra\u00e7a Dairy Valley, pela manh\u00e3.<\/strong><\/p>\n<p><strong>Reda\u00e7\u00e3o SH<\/strong><\/p>\n","protected":false},"excerpt":{"rendered":"<p>Em virtude das comemora\u00e7\u00f5es da Semana da P\u00e1tria, o prefeito Rodrigo Hagge decretou &#8216;ponto facultativo&#8217; nas reparti\u00e7\u00f5es p\u00fablicas municipais, para a pr\u00f3xima sexta-feira, 8 de setembro. Excetuam-se os servi\u00e7os de emerg\u00eancia, como sa\u00fade, limpeza p\u00fablica, dentre outros. Na quinta, dia 7 de setembro, acontecer\u00e1 o tradicional desfile da Independ\u00eancia, na Pra\u00e7a Dairy Valley, pela manh\u00e3. [&hellip;]<\/p>\n","protected":false},"author":2,"featured_media":112464,"comment_status":"closed","ping_status":"open","sticky":false,"template":"","format":"standard","meta":{"footnotes":"","_links_to":"","_links_to_target":""},"categories":[1],"tags":[],"class_list":["post-112463","post","type-post","status-publish","format-standard","has-post-thumbnail","hentry","category-geral"],"views":1076,"_links":{"self":[{"href":"https:\/\/www.sudoestehoje.com.br\/novoportal\/wp-json\/wp\/v2\/posts\/112463","targetHints":{"allow":["GET"]}}],"collection":[{"href":"https:\/\/www.sudoestehoje.com.br\/novoportal\/wp-json\/wp\/v2\/posts"}],"about":[{"href":"https:\/\/www.sudoestehoje.com.br\/novoportal\/wp-json\/wp\/v2\/types\/post"}],"author":[{"embeddable":true,"href":"https:\/\/www.sudoestehoje.com.br\/novoportal\/wp-json\/wp\/v2\/users\/2"}],"replies":[{"embeddable":true,"href":"https:\/\/www.sudoestehoje.com.br\/novoportal\/wp-json\/wp\/v2\/comments?post=112463"}],"version-history":[{"count":2,"href":"https:\/\/www.sudoestehoje.com.br\/novoportal\/wp-json\/wp\/v2\/posts\/112463\/revisions"}],"predecessor-version":[{"id":112466,"href":"https:\/\/www.sudoestehoje.com.br\/novoportal\/wp-json\/wp\/v2\/posts\/112463\/revisions\/112466"}],"wp:featuredmedia":[{"embeddable":true,"href":"https:\/\/www.sudoestehoje.com.br\/novoportal\/wp-json\/wp\/v2\/media\/112464"}],"wp:attachment":[{"href":"https:\/\/www.sudoestehoje.com.br\/novoportal\/wp-json\/wp\/v2\/media?parent=112463"}],"wp:term":[{"taxonomy":"category","embeddable":true,"href":"https:\/\/www.sudoestehoje.com.br\/novoportal\/wp-json\/wp\/v2\/categories?post=112463"},{"taxonomy":"post_tag","embeddable":true,"href":"https:\/\/www.sudoestehoje.com.br\/novoportal\/wp-json\/wp\/v2\/tags?post=112463"}],"curies":[{"name":"wp","href":"https:\/\/api.w.org\/{rel}","templated":true}]}}