
{"id":112447,"date":"2023-09-05T10:28:09","date_gmt":"2023-09-05T13:28:09","guid":{"rendered":"https:\/\/www.sudoestehoje.com.br\/novoportal\/?p=112447"},"modified":"2023-09-05T10:40:21","modified_gmt":"2023-09-05T13:40:21","slug":"itapetinga-denuncia-e-protocolada-no-mp-pedindo-abertura-imediata-do-complexo-esportivo-e-ginasio-de-esportes","status":"publish","type":"post","link":"https:\/\/www.sudoestehoje.com.br\/novoportal\/2023\/09\/05\/itapetinga-denuncia-e-protocolada-no-mp-pedindo-abertura-imediata-do-complexo-esportivo-e-ginasio-de-esportes\/","title":{"rendered":"ITAPETINGA | DEN\u00daNCIA \u00c9 PROTOCOLADA NO MP PEDINDO ABERTURA IMEDIATA DO COMPLEXO ESPORTIVO E GIN\u00c1SIO DE ESPORTES"},"content":{"rendered":"<p><img loading=\"lazy\" decoding=\"async\" class=\"alignnone size-medium wp-image-112450\" src=\"https:\/\/www.sudoestehoje.com.br\/novoportal\/wp-content\/uploads\/2023\/09\/WhatsApp-Image-2023-09-05-at-10.23.48-424x800.jpeg\" alt=\"\" width=\"424\" height=\"800\" srcset=\"https:\/\/www.sudoestehoje.com.br\/novoportal\/wp-content\/uploads\/2023\/09\/WhatsApp-Image-2023-09-05-at-10.23.48-424x800.jpeg 424w, https:\/\/www.sudoestehoje.com.br\/novoportal\/wp-content\/uploads\/2023\/09\/WhatsApp-Image-2023-09-05-at-10.23.48-768x1451.jpeg 768w, https:\/\/www.sudoestehoje.com.br\/novoportal\/wp-content\/uploads\/2023\/09\/WhatsApp-Image-2023-09-05-at-10.23.48-813x1536.jpeg 813w, https:\/\/www.sudoestehoje.com.br\/novoportal\/wp-content\/uploads\/2023\/09\/WhatsApp-Image-2023-09-05-at-10.23.48.jpeg 847w\" sizes=\"auto, (max-width: 424px) 100vw, 424px\" \/><\/p>\n<p><strong>Na manh\u00e3 desta ter\u00e7a-feira (5), o advogado Rivadavia Ferraz (Davi) deu entrada em uma den\u00fancia junto ao Minist\u00e9rio P\u00fablico da Bahia, solicitando a abertura imediata do Complexo Poliesportivo e Gin\u00e1sio de Esportes, independente de ato formal de inaugura\u00e7\u00e3o pelo governador, por interesse da popula\u00e7\u00e3o de Itapetinga.<\/strong><\/p>\n<p><strong>O advogado alegou na den\u00fancia que a manuten\u00e7\u00e3o do equipamento p\u00fablico fechado ao p\u00fablico por mero capricho pol\u00edtico partid\u00e1rio do governo e seus aliados em Itapetinga, fere o princ\u00edpio da moralidade e interesse p\u00fablico, v\u00edcio que dever\u00e1 ser sanado com a interfer\u00eancia do MP.<\/strong><\/p>\n<p><strong>O Complexo Poliesportivo ficou pronto em junho de 2022 (14 meses) e nunca funcionou em raz\u00e3o de disputas por cargos entre integrantes da base governista no munic\u00edpio, somado aos constantes adiamentos por parte da governadoria, para sua inaugura\u00e7\u00e3o.<\/strong><\/p>\n<p><img loading=\"lazy\" decoding=\"async\" class=\"alignnone wp-image-112391\" src=\"https:\/\/www.sudoestehoje.com.br\/novoportal\/wp-content\/uploads\/2023\/08\/g-esporte-600x584.jpg\" alt=\"\" width=\"549\" height=\"534\" srcset=\"https:\/\/www.sudoestehoje.com.br\/novoportal\/wp-content\/uploads\/2023\/08\/g-esporte-600x584.jpg 600w, https:\/\/www.sudoestehoje.com.br\/novoportal\/wp-content\/uploads\/2023\/08\/g-esporte-700x681.jpg 700w, https:\/\/www.sudoestehoje.com.br\/novoportal\/wp-content\/uploads\/2023\/08\/g-esporte-768x747.jpg 768w, https:\/\/www.sudoestehoje.com.br\/novoportal\/wp-content\/uploads\/2023\/08\/g-esporte.jpg 915w\" sizes=\"auto, (max-width: 549px) 100vw, 549px\" \/><\/p>\n<p><strong>&#8220;Com os constantes adiamentos, ficou expl\u00edcito que o governador Jer\u00f4nimo n\u00e3o tem tempo para Itapetinga e que seus seguidores n\u00e3o se importam com com o desenvolvimento do munic\u00edpio. Dentre as atribui\u00e7\u00f5es do Minist\u00e9rio P\u00fablico, destaca-se a defesa da moralidade no trato da coisa p\u00fablica, e \u00e9 isto o que esperamos que aconte\u00e7a neste caso&#8221;, salientou o advogado Davi Ferraz, autor da den\u00fancia.<\/strong><\/p>\n<p><strong>A den\u00fancia foi recebida e aceita pelo MP, que dever\u00e1 adotar as provid\u00eancias de praxe.<\/strong><\/p>\n<p><strong>Reda\u00e7\u00e3o SH<\/strong><\/p>\n","protected":false},"excerpt":{"rendered":"<p>Na manh\u00e3 desta ter\u00e7a-feira (5), o advogado Rivadavia Ferraz (Davi) deu entrada em uma den\u00fancia junto ao Minist\u00e9rio P\u00fablico da Bahia, solicitando a abertura imediata do Complexo Poliesportivo e Gin\u00e1sio de Esportes, independente de ato formal de inaugura\u00e7\u00e3o pelo governador, por interesse da popula\u00e7\u00e3o de Itapetinga. O advogado alegou na den\u00fancia que a manuten\u00e7\u00e3o do [&hellip;]<\/p>\n","protected":false},"author":2,"featured_media":112450,"comment_status":"closed","ping_status":"open","sticky":false,"template":"","format":"standard","meta":{"footnotes":"","_links_to":"","_links_to_target":""},"categories":[1],"tags":[],"class_list":["post-112447","post","type-post","status-publish","format-standard","has-post-thumbnail","hentry","category-geral"],"views":1040,"_links":{"self":[{"href":"https:\/\/www.sudoestehoje.com.br\/novoportal\/wp-json\/wp\/v2\/posts\/112447","targetHints":{"allow":["GET"]}}],"collection":[{"href":"https:\/\/www.sudoestehoje.com.br\/novoportal\/wp-json\/wp\/v2\/posts"}],"about":[{"href":"https:\/\/www.sudoestehoje.com.br\/novoportal\/wp-json\/wp\/v2\/types\/post"}],"author":[{"embeddable":true,"href":"https:\/\/www.sudoestehoje.com.br\/novoportal\/wp-json\/wp\/v2\/users\/2"}],"replies":[{"embeddable":true,"href":"https:\/\/www.sudoestehoje.com.br\/novoportal\/wp-json\/wp\/v2\/comments?post=112447"}],"version-history":[{"count":6,"href":"https:\/\/www.sudoestehoje.com.br\/novoportal\/wp-json\/wp\/v2\/posts\/112447\/revisions"}],"predecessor-version":[{"id":112454,"href":"https:\/\/www.sudoestehoje.com.br\/novoportal\/wp-json\/wp\/v2\/posts\/112447\/revisions\/112454"}],"wp:featuredmedia":[{"embeddable":true,"href":"https:\/\/www.sudoestehoje.com.br\/novoportal\/wp-json\/wp\/v2\/media\/112450"}],"wp:attachment":[{"href":"https:\/\/www.sudoestehoje.com.br\/novoportal\/wp-json\/wp\/v2\/media?parent=112447"}],"wp:term":[{"taxonomy":"category","embeddable":true,"href":"https:\/\/www.sudoestehoje.com.br\/novoportal\/wp-json\/wp\/v2\/categories?post=112447"},{"taxonomy":"post_tag","embeddable":true,"href":"https:\/\/www.sudoestehoje.com.br\/novoportal\/wp-json\/wp\/v2\/tags?post=112447"}],"curies":[{"name":"wp","href":"https:\/\/api.w.org\/{rel}","templated":true}]}}