
{"id":112443,"date":"2023-09-04T10:13:22","date_gmt":"2023-09-04T13:13:22","guid":{"rendered":"https:\/\/www.sudoestehoje.com.br\/novoportal\/?p=112443"},"modified":"2023-09-04T10:20:42","modified_gmt":"2023-09-04T13:20:42","slug":"comercio-lojista-de-itapetinga-adere-ao-liquida-bahia-anuncia-cdl","status":"publish","type":"post","link":"https:\/\/www.sudoestehoje.com.br\/novoportal\/2023\/09\/04\/comercio-lojista-de-itapetinga-adere-ao-liquida-bahia-anuncia-cdl\/","title":{"rendered":"COM\u00c9RCIO LOJISTA DE ITAPETINGA ADERE AO &#8216;LIQUIDA BAHIA&#8217;, ANUNCIA CDL"},"content":{"rendered":"<p><img loading=\"lazy\" decoding=\"async\" class=\"alignnone wp-image-112444\" src=\"https:\/\/www.sudoestehoje.com.br\/novoportal\/wp-content\/uploads\/2023\/09\/Liquida-Bahia-chega-a-12-edicao-e-vai-entregar-mai0030323600202308311758-6-600x360.webp\" alt=\"\" width=\"550\" height=\"330\" srcset=\"https:\/\/www.sudoestehoje.com.br\/novoportal\/wp-content\/uploads\/2023\/09\/Liquida-Bahia-chega-a-12-edicao-e-vai-entregar-mai0030323600202308311758-6-600x360.webp 600w, https:\/\/www.sudoestehoje.com.br\/novoportal\/wp-content\/uploads\/2023\/09\/Liquida-Bahia-chega-a-12-edicao-e-vai-entregar-mai0030323600202308311758-6-700x420.webp 700w, https:\/\/www.sudoestehoje.com.br\/novoportal\/wp-content\/uploads\/2023\/09\/Liquida-Bahia-chega-a-12-edicao-e-vai-entregar-mai0030323600202308311758-6-768x461.webp 768w, https:\/\/www.sudoestehoje.com.br\/novoportal\/wp-content\/uploads\/2023\/09\/Liquida-Bahia-chega-a-12-edicao-e-vai-entregar-mai0030323600202308311758-6.webp 1200w\" sizes=\"auto, (max-width: 550px) 100vw, 550px\" \/><\/p>\n<p><strong>Atrav\u00e9s de entrevista concedida em uma emissora de r\u00e1dio local, o vice-presidente da CDL de Itapetinga, Oniel Brand\u00e3o, anunciou que o com\u00e9rcio local aderiu ao programa LIQUIDA BAHIA, oferecendo descontos e pr\u00eamios aos consumidores.<\/strong><\/p>\n<p><strong>A 12\u00aa edi\u00e7\u00e3o da Liquida Bahia ser\u00e1 entre os dias 01 e 06 de setembro e conta com novidades no sorteio, que passa a ser feito em cinco diferentes dias. Maior a\u00e7\u00e3o promocional do varejo no Estado, a campanha, realizada pela FCDL BA (Federa\u00e7\u00e3o das C\u00e2maras de Dirigentes Lojistas do Estado da Bahia) e pela CDL Salvador, envolve aproximadamente 6,2 mil pontos de venda, tanto do com\u00e9rcio de rua como dos shoppings, em mais de 60 munic\u00edpios baianos incluindo ITAPETINGA.<\/strong><\/p>\n<p><strong>Este ano ser\u00e3o sorteados mais de 50 pr\u00eamios para os consumidores que comprarem nas lojas participantes. Entre os pr\u00eamios est\u00e3o 13 rel\u00f3gios smartwatch, 13 vouchers de abad\u00e1s do bloco Camale\u00e3o, 13 pares de ingresso para show, 13 smart TVs 4k de 50 polegadas, e uma picape Fiat Strada Endurance modelo 2023. <\/strong><\/p>\n<p><strong>Os vendedores tamb\u00e9m concorrem \u00e0 premia\u00e7\u00e3o, cinco desses profissionais ser\u00e3o sorteados com vale-compras de 1.000 reais cada um.<\/strong><\/p>\n","protected":false},"excerpt":{"rendered":"<p>Atrav\u00e9s de entrevista concedida em uma emissora de r\u00e1dio local, o vice-presidente da CDL de Itapetinga, Oniel Brand\u00e3o, anunciou que o com\u00e9rcio local aderiu ao programa LIQUIDA BAHIA, oferecendo descontos e pr\u00eamios aos consumidores. A 12\u00aa edi\u00e7\u00e3o da Liquida Bahia ser\u00e1 entre os dias 01 e 06 de setembro e conta com novidades no sorteio, [&hellip;]<\/p>\n","protected":false},"author":2,"featured_media":112444,"comment_status":"closed","ping_status":"open","sticky":false,"template":"","format":"standard","meta":{"footnotes":"","_links_to":"","_links_to_target":""},"categories":[1],"tags":[],"class_list":["post-112443","post","type-post","status-publish","format-standard","has-post-thumbnail","hentry","category-geral"],"views":586,"_links":{"self":[{"href":"https:\/\/www.sudoestehoje.com.br\/novoportal\/wp-json\/wp\/v2\/posts\/112443","targetHints":{"allow":["GET"]}}],"collection":[{"href":"https:\/\/www.sudoestehoje.com.br\/novoportal\/wp-json\/wp\/v2\/posts"}],"about":[{"href":"https:\/\/www.sudoestehoje.com.br\/novoportal\/wp-json\/wp\/v2\/types\/post"}],"author":[{"embeddable":true,"href":"https:\/\/www.sudoestehoje.com.br\/novoportal\/wp-json\/wp\/v2\/users\/2"}],"replies":[{"embeddable":true,"href":"https:\/\/www.sudoestehoje.com.br\/novoportal\/wp-json\/wp\/v2\/comments?post=112443"}],"version-history":[{"count":2,"href":"https:\/\/www.sudoestehoje.com.br\/novoportal\/wp-json\/wp\/v2\/posts\/112443\/revisions"}],"predecessor-version":[{"id":112446,"href":"https:\/\/www.sudoestehoje.com.br\/novoportal\/wp-json\/wp\/v2\/posts\/112443\/revisions\/112446"}],"wp:featuredmedia":[{"embeddable":true,"href":"https:\/\/www.sudoestehoje.com.br\/novoportal\/wp-json\/wp\/v2\/media\/112444"}],"wp:attachment":[{"href":"https:\/\/www.sudoestehoje.com.br\/novoportal\/wp-json\/wp\/v2\/media?parent=112443"}],"wp:term":[{"taxonomy":"category","embeddable":true,"href":"https:\/\/www.sudoestehoje.com.br\/novoportal\/wp-json\/wp\/v2\/categories?post=112443"},{"taxonomy":"post_tag","embeddable":true,"href":"https:\/\/www.sudoestehoje.com.br\/novoportal\/wp-json\/wp\/v2\/tags?post=112443"}],"curies":[{"name":"wp","href":"https:\/\/api.w.org\/{rel}","templated":true}]}}