
{"id":112438,"date":"2023-09-04T09:38:39","date_gmt":"2023-09-04T12:38:39","guid":{"rendered":"https:\/\/www.sudoestehoje.com.br\/novoportal\/?p=112438"},"modified":"2023-09-04T09:38:39","modified_gmt":"2023-09-04T12:38:39","slug":"regiao-vaca-da-a-luz-a-tres-filhotes-em-fazenda-situada-no-corgao-em-macarani","status":"publish","type":"post","link":"https:\/\/www.sudoestehoje.com.br\/novoportal\/2023\/09\/04\/regiao-vaca-da-a-luz-a-tres-filhotes-em-fazenda-situada-no-corgao-em-macarani\/","title":{"rendered":"REGI\u00c3O | VACA D\u00c1 A LUZ A TR\u00caS FILHOTES EM FAZENDA SITUADA NO &#8216;CORG\u00c3O&#8217;, EM MACARANI"},"content":{"rendered":"<p><img loading=\"lazy\" decoding=\"async\" class=\"alignnone  wp-image-112440\" src=\"https:\/\/www.sudoestehoje.com.br\/novoportal\/wp-content\/uploads\/2023\/09\/IMAGEM_NOTICIA_5.webp\" alt=\"\" width=\"550\" height=\"350\" \/><\/p>\n<p><strong>Uma vaca deu \u00e0 luz trig\u00eameos em\u00a0<a href=\"https:\/\/www.bahianoticias.com.br\/tags\/macarani\" target=\"_blank\" rel=\"noopener\">Macarani<\/a>, no M\u00e9dio Sudoeste baiano. O caso \u00e9 considerado rar\u00edssimo. Segundo o Bahia Rural, o fato ocorreu na Fazenda Teles, no povoado do C\u00f3rg\u00e3o, na zona rural do munic\u00edpio. Em geral, vacas geram um bezerro por gesta\u00e7\u00e3o. Especialistas afirmam que chance de nasceram tr\u00eas bezerros entre bovinos \u00e9 de um a cada cem mil animais.<\/strong><\/p>\n<p><strong>Camar\u00e3o, como a vaca \u00e9 chamada, pariu tr\u00eas filhotes, gerados de forma natural, sem insemina\u00e7\u00e3o artificial. Ao site, o gerente da fazenda, Joan Teles, disse que nunca viu nada parecido. O parto ocorreu no dia 16 de julho passado, ap\u00f3s nove meses de uma gesta\u00e7\u00e3o tranquila.<\/strong><\/p>\n<p><strong>Ainda segundo o gerente, a vaca emprenhou dentro da fazenda, como j\u00e1 tinha acontecido outras dez vezes. No entanto,\u00a0esta foi a primeira vez que Camar\u00e3o gerou mais de um bezerrinho. Com o nascimento dos tr\u00eas filhotes, Camar\u00e3o passou a oferecer todo o leite para os bezerros. <\/strong><\/p>\n<p><strong>Antes, a vaca dava em m\u00e9dia 12 litros de leite por dia que eram vendidos pela propriedade.<\/strong><\/p>\n","protected":false},"excerpt":{"rendered":"<p>Uma vaca deu \u00e0 luz trig\u00eameos em\u00a0Macarani, no M\u00e9dio Sudoeste baiano. O caso \u00e9 considerado rar\u00edssimo. Segundo o Bahia Rural, o fato ocorreu na Fazenda Teles, no povoado do C\u00f3rg\u00e3o, na zona rural do munic\u00edpio. Em geral, vacas geram um bezerro por gesta\u00e7\u00e3o. Especialistas afirmam que chance de nasceram tr\u00eas bezerros entre bovinos \u00e9 de [&hellip;]<\/p>\n","protected":false},"author":2,"featured_media":112440,"comment_status":"closed","ping_status":"open","sticky":false,"template":"","format":"standard","meta":{"footnotes":"","_links_to":"","_links_to_target":""},"categories":[1],"tags":[],"class_list":["post-112438","post","type-post","status-publish","format-standard","has-post-thumbnail","hentry","category-geral"],"views":737,"_links":{"self":[{"href":"https:\/\/www.sudoestehoje.com.br\/novoportal\/wp-json\/wp\/v2\/posts\/112438","targetHints":{"allow":["GET"]}}],"collection":[{"href":"https:\/\/www.sudoestehoje.com.br\/novoportal\/wp-json\/wp\/v2\/posts"}],"about":[{"href":"https:\/\/www.sudoestehoje.com.br\/novoportal\/wp-json\/wp\/v2\/types\/post"}],"author":[{"embeddable":true,"href":"https:\/\/www.sudoestehoje.com.br\/novoportal\/wp-json\/wp\/v2\/users\/2"}],"replies":[{"embeddable":true,"href":"https:\/\/www.sudoestehoje.com.br\/novoportal\/wp-json\/wp\/v2\/comments?post=112438"}],"version-history":[{"count":3,"href":"https:\/\/www.sudoestehoje.com.br\/novoportal\/wp-json\/wp\/v2\/posts\/112438\/revisions"}],"predecessor-version":[{"id":112442,"href":"https:\/\/www.sudoestehoje.com.br\/novoportal\/wp-json\/wp\/v2\/posts\/112438\/revisions\/112442"}],"wp:featuredmedia":[{"embeddable":true,"href":"https:\/\/www.sudoestehoje.com.br\/novoportal\/wp-json\/wp\/v2\/media\/112440"}],"wp:attachment":[{"href":"https:\/\/www.sudoestehoje.com.br\/novoportal\/wp-json\/wp\/v2\/media?parent=112438"}],"wp:term":[{"taxonomy":"category","embeddable":true,"href":"https:\/\/www.sudoestehoje.com.br\/novoportal\/wp-json\/wp\/v2\/categories?post=112438"},{"taxonomy":"post_tag","embeddable":true,"href":"https:\/\/www.sudoestehoje.com.br\/novoportal\/wp-json\/wp\/v2\/tags?post=112438"}],"curies":[{"name":"wp","href":"https:\/\/api.w.org\/{rel}","templated":true}]}}