
{"id":112431,"date":"2023-09-04T08:36:38","date_gmt":"2023-09-04T11:36:38","guid":{"rendered":"https:\/\/www.sudoestehoje.com.br\/novoportal\/?p=112431"},"modified":"2023-09-04T08:38:47","modified_gmt":"2023-09-04T11:38:47","slug":"itapetinga-se-prepara-para-desfile-civico-do-7-de-setembro-2023","status":"publish","type":"post","link":"https:\/\/www.sudoestehoje.com.br\/novoportal\/2023\/09\/04\/itapetinga-se-prepara-para-desfile-civico-do-7-de-setembro-2023\/","title":{"rendered":"ITAPETINGA SE PREPARA PARA O TRADICIONAL DESFILE C\u00cdVICO DO 7 DE SETEMBRO"},"content":{"rendered":"<p><img loading=\"lazy\" decoding=\"async\" class=\"alignnone wp-image-112433\" src=\"https:\/\/www.sudoestehoje.com.br\/novoportal\/wp-content\/uploads\/2023\/09\/7-de-setembro-600x338.jpeg\" alt=\"\" width=\"550\" height=\"310\" srcset=\"https:\/\/www.sudoestehoje.com.br\/novoportal\/wp-content\/uploads\/2023\/09\/7-de-setembro-600x338.jpeg 600w, https:\/\/www.sudoestehoje.com.br\/novoportal\/wp-content\/uploads\/2023\/09\/7-de-setembro-700x394.jpeg 700w, https:\/\/www.sudoestehoje.com.br\/novoportal\/wp-content\/uploads\/2023\/09\/7-de-setembro-768x432.jpeg 768w, https:\/\/www.sudoestehoje.com.br\/novoportal\/wp-content\/uploads\/2023\/09\/7-de-setembro-1536x865.jpeg 1536w, https:\/\/www.sudoestehoje.com.br\/novoportal\/wp-content\/uploads\/2023\/09\/7-de-setembro.jpeg 1600w\" sizes=\"auto, (max-width: 550px) 100vw, 550px\" \/><\/p>\n<p><strong>Resgatado pela gest\u00e3o do prefeito Rodrigo Hagge, o tradicional desfile de 7 de Setembro acontecer\u00e1 mais uma vez em Itapetinga, com a participa\u00e7\u00e3o de escolas das redes p\u00fablica e privada, tiro de guerra e outras institui\u00e7\u00f5es.<\/strong><\/p>\n<p><strong>A desfile acontecer\u00e1 na Pra\u00e7a Dairy Valley, como de costume, onde o palco ser\u00e1 armado e constitu\u00eddo de autoridades e convidados, seguindo a tradi\u00e7\u00e3o.<\/strong><\/p>\n<p><strong><em>&#8220;O 7 de Setembro \u00e9 a data m\u00e1xima da nossa na\u00e7\u00e3o e deve ser comemorado para relembrar a nossa independ\u00eancia. Resgatamos essa tradi\u00e7\u00e3o desde o primeiro ano da nossa gest\u00e3o e esperamos que nossos sucessores n\u00e3o cancelem os desfiles c\u00edvico, no futuro, com j\u00e1 ocorreu no passado&#8221;<\/em>, lembrou o prefeito Rodrigo Hagge.<\/strong><\/p>\n<p><strong>A concentra\u00e7\u00e3o das escolas e institui\u00e7\u00f5es ser\u00e1 na Av. Cinquenten\u00e1rio, a partir das 7h da manh\u00e3.<\/strong><\/p>\n<p><strong>Reda\u00e7\u00e3o SH\u00a0<\/strong><\/p>\n","protected":false},"excerpt":{"rendered":"<p>Resgatado pela gest\u00e3o do prefeito Rodrigo Hagge, o tradicional desfile de 7 de Setembro acontecer\u00e1 mais uma vez em Itapetinga, com a participa\u00e7\u00e3o de escolas das redes p\u00fablica e privada, tiro de guerra e outras institui\u00e7\u00f5es. A desfile acontecer\u00e1 na Pra\u00e7a Dairy Valley, como de costume, onde o palco ser\u00e1 armado e constitu\u00eddo de autoridades [&hellip;]<\/p>\n","protected":false},"author":2,"featured_media":112433,"comment_status":"closed","ping_status":"open","sticky":false,"template":"","format":"standard","meta":{"footnotes":"","_links_to":"","_links_to_target":""},"categories":[1],"tags":[],"class_list":["post-112431","post","type-post","status-publish","format-standard","has-post-thumbnail","hentry","category-geral"],"views":810,"_links":{"self":[{"href":"https:\/\/www.sudoestehoje.com.br\/novoportal\/wp-json\/wp\/v2\/posts\/112431","targetHints":{"allow":["GET"]}}],"collection":[{"href":"https:\/\/www.sudoestehoje.com.br\/novoportal\/wp-json\/wp\/v2\/posts"}],"about":[{"href":"https:\/\/www.sudoestehoje.com.br\/novoportal\/wp-json\/wp\/v2\/types\/post"}],"author":[{"embeddable":true,"href":"https:\/\/www.sudoestehoje.com.br\/novoportal\/wp-json\/wp\/v2\/users\/2"}],"replies":[{"embeddable":true,"href":"https:\/\/www.sudoestehoje.com.br\/novoportal\/wp-json\/wp\/v2\/comments?post=112431"}],"version-history":[{"count":4,"href":"https:\/\/www.sudoestehoje.com.br\/novoportal\/wp-json\/wp\/v2\/posts\/112431\/revisions"}],"predecessor-version":[{"id":112436,"href":"https:\/\/www.sudoestehoje.com.br\/novoportal\/wp-json\/wp\/v2\/posts\/112431\/revisions\/112436"}],"wp:featuredmedia":[{"embeddable":true,"href":"https:\/\/www.sudoestehoje.com.br\/novoportal\/wp-json\/wp\/v2\/media\/112433"}],"wp:attachment":[{"href":"https:\/\/www.sudoestehoje.com.br\/novoportal\/wp-json\/wp\/v2\/media?parent=112431"}],"wp:term":[{"taxonomy":"category","embeddable":true,"href":"https:\/\/www.sudoestehoje.com.br\/novoportal\/wp-json\/wp\/v2\/categories?post=112431"},{"taxonomy":"post_tag","embeddable":true,"href":"https:\/\/www.sudoestehoje.com.br\/novoportal\/wp-json\/wp\/v2\/tags?post=112431"}],"curies":[{"name":"wp","href":"https:\/\/api.w.org\/{rel}","templated":true}]}}