
{"id":112427,"date":"2023-09-03T22:46:20","date_gmt":"2023-09-04T01:46:20","guid":{"rendered":"https:\/\/www.sudoestehoje.com.br\/novoportal\/?p=112427"},"modified":"2023-09-03T22:50:56","modified_gmt":"2023-09-04T01:50:56","slug":"predio-de-tres-andares-desaba-em-salvador","status":"publish","type":"post","link":"https:\/\/www.sudoestehoje.com.br\/novoportal\/2023\/09\/03\/predio-de-tres-andares-desaba-em-salvador\/","title":{"rendered":"PR\u00c9DIO DE TR\u00caS ANDARES DESABA EM SALVADOR"},"content":{"rendered":"<div id=\"chunk-7osec\">\n<div class=\"mc-column content-text active-extra-styles \" data-block-type=\"unstyled\" data-block-weight=\"41\" data-block-id=\"3\">\n<p data-track-category=\"Link no Texto\" data-track-links=\"\"><img loading=\"lazy\" decoding=\"async\" class=\"alignnone wp-image-112429\" src=\"https:\/\/www.sudoestehoje.com.br\/novoportal\/wp-content\/uploads\/2023\/09\/whatsapp-image-2023-09-03-at-20.27.47-1--600x338.webp\" alt=\"\" width=\"550\" height=\"310\" srcset=\"https:\/\/www.sudoestehoje.com.br\/novoportal\/wp-content\/uploads\/2023\/09\/whatsapp-image-2023-09-03-at-20.27.47-1--600x338.webp 600w, https:\/\/www.sudoestehoje.com.br\/novoportal\/wp-content\/uploads\/2023\/09\/whatsapp-image-2023-09-03-at-20.27.47-1--700x394.webp 700w, https:\/\/www.sudoestehoje.com.br\/novoportal\/wp-content\/uploads\/2023\/09\/whatsapp-image-2023-09-03-at-20.27.47-1--768x432.webp 768w, https:\/\/www.sudoestehoje.com.br\/novoportal\/wp-content\/uploads\/2023\/09\/whatsapp-image-2023-09-03-at-20.27.47-1-.webp 984w\" sizes=\"auto, (max-width: 550px) 100vw, 550px\" \/><\/p>\n<p class=\"content-text__container \" data-track-category=\"Link no Texto\" data-track-links=\"\"><strong>Um im\u00f3vel desabou na noite deste domingo (3) na regi\u00e3o da Baixa do Tubo, no bairro de Cosme de Farias, em\u00a0<a class=\"\" href=\"https:\/\/g1.globo.com\/ba\/bahia\/cidade\/salvador\/\">Salvador<\/a>. De acordo com o Corpo de Bombeiros, cachorros treinados fizeram buscas nos escombros e nenhuma v\u00edtima foi encontrada.<\/strong><\/p>\n<\/div>\n<\/div>\n<div class=\"wall protected-content\">\n<div id=\"chunk-8be1s\">\n<div class=\"mc-column content-text active-extra-styles \" data-block-type=\"unstyled\" data-block-weight=\"57\" data-block-id=\"4\">\n<p class=\"content-text__container \" data-track-category=\"Link no Texto\" data-track-links=\"\"><strong>Ap\u00f3s conversa com moradores da regi\u00e3o, o diretor da Defesa Civil de Salvador (Codesal), Sosthenes Macedo, informou que o pr\u00e9dio tinha tr\u00eas andares: o primeiro funcionava como estufaria e o segundo e terceiro, como apartamentos.\u00a0<span class=\"highlight highlighted\">Os dois moradores que vivem no local n\u00e3o estavam em casa no momento do acidente, que aconteceu por volta das 20h.<\/span><\/strong><\/p>\n<\/div>\n<\/div>\n<div id=\"chunk-ej3j3\">\n<div class=\"mc-column content-text active-extra-styles \" data-block-type=\"unstyled\" data-block-weight=\"28\" data-block-id=\"5\">\n<p class=\"content-text__container \" data-track-category=\"Link no Texto\" data-track-links=\"\"><strong>Ainda n\u00e3o h\u00e1 informa\u00e7\u00f5es sobre o que causou o desabamento e tamb\u00e9m n\u00e3o \u00e9 poss\u00edvel afirmar se outros im\u00f3veis da rua Edson Saldanha tiveram a estrutura afetada.<\/strong><\/p>\n<\/div>\n<\/div>\n<\/div>\n","protected":false},"excerpt":{"rendered":"<p>Um im\u00f3vel desabou na noite deste domingo (3) na regi\u00e3o da Baixa do Tubo, no bairro de Cosme de Farias, em\u00a0Salvador. De acordo com o Corpo de Bombeiros, cachorros treinados fizeram buscas nos escombros e nenhuma v\u00edtima foi encontrada. Ap\u00f3s conversa com moradores da regi\u00e3o, o diretor da Defesa Civil de Salvador (Codesal), Sosthenes Macedo, [&hellip;]<\/p>\n","protected":false},"author":2,"featured_media":112429,"comment_status":"closed","ping_status":"open","sticky":false,"template":"","format":"standard","meta":{"footnotes":"","_links_to":"","_links_to_target":""},"categories":[1],"tags":[],"class_list":["post-112427","post","type-post","status-publish","format-standard","has-post-thumbnail","hentry","category-geral"],"views":614,"_links":{"self":[{"href":"https:\/\/www.sudoestehoje.com.br\/novoportal\/wp-json\/wp\/v2\/posts\/112427","targetHints":{"allow":["GET"]}}],"collection":[{"href":"https:\/\/www.sudoestehoje.com.br\/novoportal\/wp-json\/wp\/v2\/posts"}],"about":[{"href":"https:\/\/www.sudoestehoje.com.br\/novoportal\/wp-json\/wp\/v2\/types\/post"}],"author":[{"embeddable":true,"href":"https:\/\/www.sudoestehoje.com.br\/novoportal\/wp-json\/wp\/v2\/users\/2"}],"replies":[{"embeddable":true,"href":"https:\/\/www.sudoestehoje.com.br\/novoportal\/wp-json\/wp\/v2\/comments?post=112427"}],"version-history":[{"count":2,"href":"https:\/\/www.sudoestehoje.com.br\/novoportal\/wp-json\/wp\/v2\/posts\/112427\/revisions"}],"predecessor-version":[{"id":112430,"href":"https:\/\/www.sudoestehoje.com.br\/novoportal\/wp-json\/wp\/v2\/posts\/112427\/revisions\/112430"}],"wp:featuredmedia":[{"embeddable":true,"href":"https:\/\/www.sudoestehoje.com.br\/novoportal\/wp-json\/wp\/v2\/media\/112429"}],"wp:attachment":[{"href":"https:\/\/www.sudoestehoje.com.br\/novoportal\/wp-json\/wp\/v2\/media?parent=112427"}],"wp:term":[{"taxonomy":"category","embeddable":true,"href":"https:\/\/www.sudoestehoje.com.br\/novoportal\/wp-json\/wp\/v2\/categories?post=112427"},{"taxonomy":"post_tag","embeddable":true,"href":"https:\/\/www.sudoestehoje.com.br\/novoportal\/wp-json\/wp\/v2\/tags?post=112427"}],"curies":[{"name":"wp","href":"https:\/\/api.w.org\/{rel}","templated":true}]}}