
{"id":112415,"date":"2023-09-03T21:18:15","date_gmt":"2023-09-04T00:18:15","guid":{"rendered":"https:\/\/www.sudoestehoje.com.br\/novoportal\/?p=112415"},"modified":"2023-09-03T21:18:15","modified_gmt":"2023-09-04T00:18:15","slug":"banda-filhos-de-jorge-e-a-primeira-atracao-confirmada-para-festival-de-inverno-2024","status":"publish","type":"post","link":"https:\/\/www.sudoestehoje.com.br\/novoportal\/2023\/09\/03\/banda-filhos-de-jorge-e-a-primeira-atracao-confirmada-para-festival-de-inverno-2024\/","title":{"rendered":"BANDA &#8216;FILHOS DE JORGE&#8217; \u00c9 A PRIMEIRA ATRA\u00c7\u00c3O CONFIRMADA PARA FESTIVAL DE INVERNO 2024"},"content":{"rendered":"<div><strong><i>Banda foi escolhida por voto popular, nas redes oficiais do festival<\/i><\/strong><\/div>\n<div>\n<div><strong><span style=\"font-size: large;\"><img loading=\"lazy\" decoding=\"async\" class=\"alignnone  wp-image-112416\" src=\"https:\/\/www.sudoestehoje.com.br\/novoportal\/wp-content\/uploads\/2023\/09\/Filhos-de-Jorge-FIB24-600x400.jpeg\" alt=\"\" width=\"551\" height=\"367\" srcset=\"https:\/\/www.sudoestehoje.com.br\/novoportal\/wp-content\/uploads\/2023\/09\/Filhos-de-Jorge-FIB24-600x400.jpeg 600w, https:\/\/www.sudoestehoje.com.br\/novoportal\/wp-content\/uploads\/2023\/09\/Filhos-de-Jorge-FIB24-700x466.jpeg 700w, https:\/\/www.sudoestehoje.com.br\/novoportal\/wp-content\/uploads\/2023\/09\/Filhos-de-Jorge-FIB24-768x512.jpeg 768w, https:\/\/www.sudoestehoje.com.br\/novoportal\/wp-content\/uploads\/2023\/09\/Filhos-de-Jorge-FIB24-1536x1023.jpeg 1536w, https:\/\/www.sudoestehoje.com.br\/novoportal\/wp-content\/uploads\/2023\/09\/Filhos-de-Jorge-FIB24.jpeg 1600w\" sizes=\"auto, (max-width: 551px) 100vw, 551px\" \/><\/span><\/strong><\/div>\n<p><strong><span style=\"font-size: large;\">Depois de estrear no palco Arena da M\u00fasica by Coke Studio, no Festival de Inverno Bahia (FIB) deste ano, o palco principal ser\u00e1 o pr\u00f3ximo lugar que a banda Filhos de Jorge vai pisar. A atra\u00e7\u00e3o foi escolhida pelo p\u00fablico para estar no line up do evento em 2024. A vota\u00e7\u00e3o foi realizada nas redes sociais do festival (@fiboficial) e eles concorreram com Robertinha e Peu do Acordeon.<br \/>\n<\/span><\/strong><\/p>\n<div><strong><span style=\"font-size: large;\">\u00a0<\/span><\/strong><\/div>\n<div><strong><span style=\"font-size: large;\">Intitulados como \u2018a banda do ballanssu\u2019, o grupo, que j\u00e1 \u00e9 conhecido na capital baiana, n\u00e3o vai deixar ningu\u00e9m parado no FIB. Em suas influ\u00eancias musicais, eles trazem diversas vertentes da m\u00fasica baiana, o que permite uma mistura criativa de ritmos, mesclada com o balan\u00e7o do ax\u00e9 e batidas marcantes.\u00a0<\/span><\/strong><\/div>\n<div><strong><span style=\"font-size: large;\">\u00a0<\/span><\/strong><\/div>\n<div><strong><span style=\"font-size: large;\">\u201cA palavra de ordem \u00e9 gratid\u00e3o! Queremos agradecer a todo mundo que cola, que acredita e sempre nos acompanha nas nossas miss\u00f5es. N\u00f3s, da banda Filhos de Jorge, somos muito mais felizes por sabermos que temos pessoas que acreditam na gente e engajam dessa forma. Um muito obrigado aos amigos queridos, artistas e influenciadores que postaram e pediram a seus respectivos p\u00fablicos &#8211; seu bem maior. Voc\u00eas tamb\u00e9m nos ajudaram a vencer! Felicidade!!! Palco principal do FIB em 2024 \u00e9 mais um sonho realizado nesses 15 anos de Filhos de Jorge! \u00c9 um desejo de todos n\u00f3s mostrar nosso &#8216;ballanssu&#8217; pra turma de Vit\u00f3ria da Conquista e tamb\u00e9m pra quem vai curtir de casa! Vamos preparar um super show! Se preparem! Vai ser massa demais! Valeeeu!&#8221;, destacou a banda em sua mensagem de agradecimento. \u00a0<\/span><\/strong><\/div>\n<div><strong><span style=\"font-size: large;\">\u00a0<\/span><\/strong><\/div>\n<div><strong><span style=\"font-size: large;\">O concurso foi realizado pelo segundo ano consecutivo, onde o p\u00fablico pode escolher entre as melhores atra\u00e7\u00f5es do segundo palco do festival quem deve estar no palco principal do ano seguinte. Em 2022, o escolhido foi o cantor Lincoln, que se apresentou no \u00faltimo s\u00e1bado (26), durante a 17\u00aa edi\u00e7\u00e3o do FIB.\u00a0<\/span><\/strong><\/div>\n<div><strong><span style=\"font-size: large;\">\u00a0<\/span><\/strong><\/div>\n<div><strong><span style=\"font-size: large;\">A produ\u00e7\u00e3o do Festival de Inverno Bahia \u00e9 assinada pela Bahia\u202fEventos, empresa de entretenimento da Rede Bahia, em parceria com a TV Sudoeste.<\/span><\/strong><\/div>\n<\/div>\n","protected":false},"excerpt":{"rendered":"<p>Banda foi escolhida por voto popular, nas redes oficiais do festival Depois de estrear no palco Arena da M\u00fasica by Coke Studio, no Festival de Inverno Bahia (FIB) deste ano, o palco principal ser\u00e1 o pr\u00f3ximo lugar que a banda Filhos de Jorge vai pisar. A atra\u00e7\u00e3o foi escolhida pelo p\u00fablico para estar no line [&hellip;]<\/p>\n","protected":false},"author":2,"featured_media":112416,"comment_status":"closed","ping_status":"open","sticky":false,"template":"","format":"standard","meta":{"footnotes":"","_links_to":"","_links_to_target":""},"categories":[1],"tags":[],"class_list":["post-112415","post","type-post","status-publish","format-standard","has-post-thumbnail","hentry","category-geral"],"views":521,"_links":{"self":[{"href":"https:\/\/www.sudoestehoje.com.br\/novoportal\/wp-json\/wp\/v2\/posts\/112415","targetHints":{"allow":["GET"]}}],"collection":[{"href":"https:\/\/www.sudoestehoje.com.br\/novoportal\/wp-json\/wp\/v2\/posts"}],"about":[{"href":"https:\/\/www.sudoestehoje.com.br\/novoportal\/wp-json\/wp\/v2\/types\/post"}],"author":[{"embeddable":true,"href":"https:\/\/www.sudoestehoje.com.br\/novoportal\/wp-json\/wp\/v2\/users\/2"}],"replies":[{"embeddable":true,"href":"https:\/\/www.sudoestehoje.com.br\/novoportal\/wp-json\/wp\/v2\/comments?post=112415"}],"version-history":[{"count":1,"href":"https:\/\/www.sudoestehoje.com.br\/novoportal\/wp-json\/wp\/v2\/posts\/112415\/revisions"}],"predecessor-version":[{"id":112417,"href":"https:\/\/www.sudoestehoje.com.br\/novoportal\/wp-json\/wp\/v2\/posts\/112415\/revisions\/112417"}],"wp:featuredmedia":[{"embeddable":true,"href":"https:\/\/www.sudoestehoje.com.br\/novoportal\/wp-json\/wp\/v2\/media\/112416"}],"wp:attachment":[{"href":"https:\/\/www.sudoestehoje.com.br\/novoportal\/wp-json\/wp\/v2\/media?parent=112415"}],"wp:term":[{"taxonomy":"category","embeddable":true,"href":"https:\/\/www.sudoestehoje.com.br\/novoportal\/wp-json\/wp\/v2\/categories?post=112415"},{"taxonomy":"post_tag","embeddable":true,"href":"https:\/\/www.sudoestehoje.com.br\/novoportal\/wp-json\/wp\/v2\/tags?post=112415"}],"curies":[{"name":"wp","href":"https:\/\/api.w.org\/{rel}","templated":true}]}}