
{"id":112404,"date":"2023-09-01T10:37:03","date_gmt":"2023-09-01T13:37:03","guid":{"rendered":"https:\/\/www.sudoestehoje.com.br\/novoportal\/?p=112404"},"modified":"2023-09-01T10:37:29","modified_gmt":"2023-09-01T13:37:29","slug":"vou-pedir-ao-ministerio-publico-que-determine-a-abertura-imediata-do-complexo-poliesportivo-garante-davi-ferraz","status":"publish","type":"post","link":"https:\/\/www.sudoestehoje.com.br\/novoportal\/2023\/09\/01\/vou-pedir-ao-ministerio-publico-que-determine-a-abertura-imediata-do-complexo-poliesportivo-garante-davi-ferraz\/","title":{"rendered":"&#8220;VOU PEDIR AO MINIST\u00c9RIO P\u00daBLICO QUE DETERMINE A ABERTURA IMEDIATA DO COMPLEXO POLIESPORTIVO&#8221;, GARANTE DAVI FERRAZ"},"content":{"rendered":"<p><img loading=\"lazy\" decoding=\"async\" class=\"alignnone wp-image-112407\" src=\"https:\/\/www.sudoestehoje.com.br\/novoportal\/wp-content\/uploads\/2023\/09\/complexo-600x337.jpg\" alt=\"\" width=\"550\" height=\"309\" srcset=\"https:\/\/www.sudoestehoje.com.br\/novoportal\/wp-content\/uploads\/2023\/09\/complexo-600x337.jpg 600w, https:\/\/www.sudoestehoje.com.br\/novoportal\/wp-content\/uploads\/2023\/09\/complexo-700x394.jpg 700w, https:\/\/www.sudoestehoje.com.br\/novoportal\/wp-content\/uploads\/2023\/09\/complexo-768x432.jpg 768w, https:\/\/www.sudoestehoje.com.br\/novoportal\/wp-content\/uploads\/2023\/09\/complexo-1536x864.jpg 1536w, https:\/\/www.sudoestehoje.com.br\/novoportal\/wp-content\/uploads\/2023\/09\/complexo.jpg 1599w\" sizes=\"auto, (max-width: 550px) 100vw, 550px\" \/><\/p>\n<p><strong>Depois de sucessivos adiamentos por parte do governo do estado, a inaugura\u00e7\u00e3o do Complexo Poliesportivo de Itapetinga virou &#8216;novela mexicana&#8217;, trazendo enorme desgaste ao pr\u00f3prio governador e seus aliados no munic\u00edpio.<\/strong><\/p>\n<p><strong>Para o advogado Davi Ferraz, n\u00e3o h\u00e1 necessidade de ato pol\u00edtico de inaugura\u00e7\u00e3o, bastando que o governo mande abrir o complexo para uso da popula\u00e7\u00e3o, j\u00e1 que se trata de um equipamento p\u00fablico e n\u00e3o partid\u00e1rio.<\/strong><\/p>\n<p><strong><em>&#8220;Essa obra ficou pronta desde o ano passado e mant\u00ea-la fechada \u00e9 um enorme descaso e desrespeito \u00e0 popula\u00e7\u00e3o do nosso munic\u00edpio&#8221;<\/em>, lembrou Davi.<\/strong><\/p>\n<p><strong><em>&#8220;Na noite de ontem, enviei mensagem ao secret\u00e1rio Davidson Magalh\u00e3es, da SETRE &#8211; \u00a0da Secretaria do Trabalho, Emprego, Renda e Esporte do Governo da Bahia, solicitando a abertura imediata do Gin\u00e1sio de Esportes e todo o Complexo, independente de ato formal de inaugura\u00e7\u00e3o, como quer a popula\u00e7\u00e3o, j\u00e1 que se trata de equipamento p\u00fablico, onde foram investidos mais de R$ 5 milh\u00f5es de recursos estaduais&#8221;<\/em>, continuou.<\/strong><\/p>\n<p><strong><em>&#8220;Se o governo n\u00e3o autorizar a abertura imediata, vamos ingressar com den\u00fancia junto ao Minist\u00e9rio P\u00fablico da Bahia, para obrigar o governo a faz\u00ea-lo e apurar a explora\u00e7\u00e3o pol\u00edtica de equipamento p\u00fablico, o que \u00e9 totalmente ilegal&#8221;<\/em>, finalizou o advogado Davi Ferraz.<\/strong><\/p>\n<p><strong>Uma den\u00fancia ao Minist\u00e9rio P\u00fablico dever\u00e1 ser protocolada pelo advogado e representantes da sociedade civil, na pr\u00f3xima semana.<\/strong><\/p>\n<p><strong>Reda\u00e7\u00e3o SH<\/strong><\/p>\n","protected":false},"excerpt":{"rendered":"<p>Depois de sucessivos adiamentos por parte do governo do estado, a inaugura\u00e7\u00e3o do Complexo Poliesportivo de Itapetinga virou &#8216;novela mexicana&#8217;, trazendo enorme desgaste ao pr\u00f3prio governador e seus aliados no munic\u00edpio. Para o advogado Davi Ferraz, n\u00e3o h\u00e1 necessidade de ato pol\u00edtico de inaugura\u00e7\u00e3o, bastando que o governo mande abrir o complexo para uso da [&hellip;]<\/p>\n","protected":false},"author":2,"featured_media":112407,"comment_status":"closed","ping_status":"open","sticky":false,"template":"","format":"standard","meta":{"footnotes":"","_links_to":"","_links_to_target":""},"categories":[1],"tags":[],"class_list":["post-112404","post","type-post","status-publish","format-standard","has-post-thumbnail","hentry","category-geral"],"views":1209,"_links":{"self":[{"href":"https:\/\/www.sudoestehoje.com.br\/novoportal\/wp-json\/wp\/v2\/posts\/112404","targetHints":{"allow":["GET"]}}],"collection":[{"href":"https:\/\/www.sudoestehoje.com.br\/novoportal\/wp-json\/wp\/v2\/posts"}],"about":[{"href":"https:\/\/www.sudoestehoje.com.br\/novoportal\/wp-json\/wp\/v2\/types\/post"}],"author":[{"embeddable":true,"href":"https:\/\/www.sudoestehoje.com.br\/novoportal\/wp-json\/wp\/v2\/users\/2"}],"replies":[{"embeddable":true,"href":"https:\/\/www.sudoestehoje.com.br\/novoportal\/wp-json\/wp\/v2\/comments?post=112404"}],"version-history":[{"count":6,"href":"https:\/\/www.sudoestehoje.com.br\/novoportal\/wp-json\/wp\/v2\/posts\/112404\/revisions"}],"predecessor-version":[{"id":112412,"href":"https:\/\/www.sudoestehoje.com.br\/novoportal\/wp-json\/wp\/v2\/posts\/112404\/revisions\/112412"}],"wp:featuredmedia":[{"embeddable":true,"href":"https:\/\/www.sudoestehoje.com.br\/novoportal\/wp-json\/wp\/v2\/media\/112407"}],"wp:attachment":[{"href":"https:\/\/www.sudoestehoje.com.br\/novoportal\/wp-json\/wp\/v2\/media?parent=112404"}],"wp:term":[{"taxonomy":"category","embeddable":true,"href":"https:\/\/www.sudoestehoje.com.br\/novoportal\/wp-json\/wp\/v2\/categories?post=112404"},{"taxonomy":"post_tag","embeddable":true,"href":"https:\/\/www.sudoestehoje.com.br\/novoportal\/wp-json\/wp\/v2\/tags?post=112404"}],"curies":[{"name":"wp","href":"https:\/\/api.w.org\/{rel}","templated":true}]}}