
{"id":112395,"date":"2023-08-31T20:51:19","date_gmt":"2023-08-31T23:51:19","guid":{"rendered":"https:\/\/www.sudoestehoje.com.br\/novoportal\/?p=112395"},"modified":"2023-08-31T20:51:19","modified_gmt":"2023-08-31T23:51:19","slug":"primeira-atracao-para-o-festival-de-inverno-2024-sera-anunciada-no-proximo-sabado","status":"publish","type":"post","link":"https:\/\/www.sudoestehoje.com.br\/novoportal\/2023\/08\/31\/primeira-atracao-para-o-festival-de-inverno-2024-sera-anunciada-no-proximo-sabado\/","title":{"rendered":"PRIMEIRA ATRA\u00c7\u00c3O PARA O FESTIVAL DE INVERNO 2024 SER\u00c1 ANUNCIADA NO PR\u00d3XIMO S\u00c1BADO"},"content":{"rendered":"<div><strong><span style=\"font-size: large;\"><i>Por meio de voto popular, a melhor atra\u00e7\u00e3o da Arena da M\u00fasica deste ano subir\u00e1 ao palco principal do FIB24<br \/>\n<\/i><\/span><\/strong><\/div>\n<div><img loading=\"lazy\" decoding=\"async\" class=\"alignnone  wp-image-112397\" src=\"https:\/\/www.sudoestehoje.com.br\/novoportal\/wp-content\/uploads\/2023\/08\/Peu-do-Acordeon-600x400.jpeg\" alt=\"\" width=\"551\" height=\"367\" srcset=\"https:\/\/www.sudoestehoje.com.br\/novoportal\/wp-content\/uploads\/2023\/08\/Peu-do-Acordeon-600x400.jpeg 600w, https:\/\/www.sudoestehoje.com.br\/novoportal\/wp-content\/uploads\/2023\/08\/Peu-do-Acordeon-700x466.jpeg 700w, https:\/\/www.sudoestehoje.com.br\/novoportal\/wp-content\/uploads\/2023\/08\/Peu-do-Acordeon-768x512.jpeg 768w, https:\/\/www.sudoestehoje.com.br\/novoportal\/wp-content\/uploads\/2023\/08\/Peu-do-Acordeon-1536x1023.jpeg 1536w, https:\/\/www.sudoestehoje.com.br\/novoportal\/wp-content\/uploads\/2023\/08\/Peu-do-Acordeon.jpeg 1600w\" sizes=\"auto, (max-width: 551px) 100vw, 551px\" \/><\/div>\n<div><strong><span style=\"font-size: large;\">A 18\u00aa edi\u00e7\u00e3o do Festival de Inverno Bahia j\u00e1 come\u00e7ou a ser preparada pelo time da Bahia Eventos, juntamente com a TV Sudoeste. Repetindo o sucesso do ano passado, o p\u00fablico ter\u00e1 a oportunidade de votar no melhor show da Arena da M\u00fasica, que vai compor o line up do FIB24.<\/span><\/strong><\/div>\n<div><img loading=\"lazy\" decoding=\"async\" class=\"alignnone  wp-image-112396\" src=\"https:\/\/www.sudoestehoje.com.br\/novoportal\/wp-content\/uploads\/2023\/08\/Filhos-de-Jorge-600x400.jpeg\" alt=\"\" width=\"551\" height=\"367\" srcset=\"https:\/\/www.sudoestehoje.com.br\/novoportal\/wp-content\/uploads\/2023\/08\/Filhos-de-Jorge-600x400.jpeg 600w, https:\/\/www.sudoestehoje.com.br\/novoportal\/wp-content\/uploads\/2023\/08\/Filhos-de-Jorge-700x466.jpeg 700w, https:\/\/www.sudoestehoje.com.br\/novoportal\/wp-content\/uploads\/2023\/08\/Filhos-de-Jorge-768x512.jpeg 768w, https:\/\/www.sudoestehoje.com.br\/novoportal\/wp-content\/uploads\/2023\/08\/Filhos-de-Jorge-1536x1023.jpeg 1536w, https:\/\/www.sudoestehoje.com.br\/novoportal\/wp-content\/uploads\/2023\/08\/Filhos-de-Jorge.jpeg 1600w\" sizes=\"auto, (max-width: 551px) 100vw, 551px\" \/><\/div>\n<div><strong><span style=\"font-size: large;\">Nesta quarta-feira (30), as redes sociais oficiais do evento divulgaram os tr\u00eas finalistas que est\u00e3o na disputa: Robertinha, Peu do Acordeon e Filhos de Jorge. A partir de amanh\u00e3, \u00e0s 18h, a vota\u00e7\u00e3o ser\u00e1 iniciada e ficar\u00e1 dispon\u00edvel por 24h. <\/span><\/strong><\/div>\n<div><img loading=\"lazy\" decoding=\"async\" class=\"alignnone  wp-image-112398\" src=\"https:\/\/www.sudoestehoje.com.br\/novoportal\/wp-content\/uploads\/2023\/08\/Robertinha-600x401.jpeg\" alt=\"\" width=\"551\" height=\"368\" srcset=\"https:\/\/www.sudoestehoje.com.br\/novoportal\/wp-content\/uploads\/2023\/08\/Robertinha-600x401.jpeg 600w, https:\/\/www.sudoestehoje.com.br\/novoportal\/wp-content\/uploads\/2023\/08\/Robertinha-700x467.jpeg 700w, https:\/\/www.sudoestehoje.com.br\/novoportal\/wp-content\/uploads\/2023\/08\/Robertinha-768x513.jpeg 768w, https:\/\/www.sudoestehoje.com.br\/novoportal\/wp-content\/uploads\/2023\/08\/Robertinha-1536x1025.jpeg 1536w, https:\/\/www.sudoestehoje.com.br\/novoportal\/wp-content\/uploads\/2023\/08\/Robertinha.jpeg 1600w\" sizes=\"auto, (max-width: 551px) 100vw, 551px\" \/><\/div>\n<div><strong><span style=\"font-size: large;\">No s\u00e1bado (2), \u00e0s 12h, o an\u00fancio ser\u00e1 feito no perfil @fiboficial. Por mais um ano, a proposta da equipe organizadora do festival \u00e9 trazer para o palco principal do evento talentos regionais que est\u00e3o ganhando proje\u00e7\u00e3o no cen\u00e1rio musical estadual.\u00a0<\/span><\/strong><\/div>\n<div><\/div>\n<div>\n<div>\n<div>\n<div>\n<div>\n<div><strong>A produ\u00e7\u00e3o do Festival de Inverno Bahia \u00e9 assinada pela Bahia\u202fEventos, empresa de entretenimento da Rede Bahia, em parceria com a TV Sudoeste.\u00a0\u00a0<\/strong><\/div>\n<div><\/div>\n<\/div>\n<\/div>\n<\/div>\n<\/div>\n<\/div>\n","protected":false},"excerpt":{"rendered":"<p>Por meio de voto popular, a melhor atra\u00e7\u00e3o da Arena da M\u00fasica deste ano subir\u00e1 ao palco principal do FIB24 A 18\u00aa edi\u00e7\u00e3o do Festival de Inverno Bahia j\u00e1 come\u00e7ou a ser preparada pelo time da Bahia Eventos, juntamente com a TV Sudoeste. Repetindo o sucesso do ano passado, o p\u00fablico ter\u00e1 a oportunidade de [&hellip;]<\/p>\n","protected":false},"author":2,"featured_media":112397,"comment_status":"closed","ping_status":"open","sticky":false,"template":"","format":"standard","meta":{"footnotes":"","_links_to":"","_links_to_target":""},"categories":[1],"tags":[],"class_list":["post-112395","post","type-post","status-publish","format-standard","has-post-thumbnail","hentry","category-geral"],"views":819,"_links":{"self":[{"href":"https:\/\/www.sudoestehoje.com.br\/novoportal\/wp-json\/wp\/v2\/posts\/112395","targetHints":{"allow":["GET"]}}],"collection":[{"href":"https:\/\/www.sudoestehoje.com.br\/novoportal\/wp-json\/wp\/v2\/posts"}],"about":[{"href":"https:\/\/www.sudoestehoje.com.br\/novoportal\/wp-json\/wp\/v2\/types\/post"}],"author":[{"embeddable":true,"href":"https:\/\/www.sudoestehoje.com.br\/novoportal\/wp-json\/wp\/v2\/users\/2"}],"replies":[{"embeddable":true,"href":"https:\/\/www.sudoestehoje.com.br\/novoportal\/wp-json\/wp\/v2\/comments?post=112395"}],"version-history":[{"count":1,"href":"https:\/\/www.sudoestehoje.com.br\/novoportal\/wp-json\/wp\/v2\/posts\/112395\/revisions"}],"predecessor-version":[{"id":112399,"href":"https:\/\/www.sudoestehoje.com.br\/novoportal\/wp-json\/wp\/v2\/posts\/112395\/revisions\/112399"}],"wp:featuredmedia":[{"embeddable":true,"href":"https:\/\/www.sudoestehoje.com.br\/novoportal\/wp-json\/wp\/v2\/media\/112397"}],"wp:attachment":[{"href":"https:\/\/www.sudoestehoje.com.br\/novoportal\/wp-json\/wp\/v2\/media?parent=112395"}],"wp:term":[{"taxonomy":"category","embeddable":true,"href":"https:\/\/www.sudoestehoje.com.br\/novoportal\/wp-json\/wp\/v2\/categories?post=112395"},{"taxonomy":"post_tag","embeddable":true,"href":"https:\/\/www.sudoestehoje.com.br\/novoportal\/wp-json\/wp\/v2\/tags?post=112395"}],"curies":[{"name":"wp","href":"https:\/\/api.w.org\/{rel}","templated":true}]}}