
{"id":11239,"date":"2011-12-17T09:06:44","date_gmt":"2011-12-17T12:06:44","guid":{"rendered":"http:\/\/www.sudoestehoje.com.br\/novoportal\/?p=11239"},"modified":"2011-12-17T09:06:44","modified_gmt":"2011-12-17T12:06:44","slug":"e-o-governo-nao-sabia","status":"publish","type":"post","link":"https:\/\/www.sudoestehoje.com.br\/novoportal\/2011\/12\/17\/e-o-governo-nao-sabia\/","title":{"rendered":"E O GOVERNO N\u00c3O SABIA&#8230;"},"content":{"rendered":"<p><img decoding=\"async\" src=\"http:\/\/www.bahianoticias.com.br\/fotos\/mercado_noticias\/7679\/IMAGEM_NOTICIA_7.jpg\" alt=\"Azal\u00e9ia: Fechamento de unidades afeta 1,8 mil funcion\u00e1rios\" width=\"160\" \/><\/p>\n<p>O fechamento de seis unidades do grupo Vulcabr\u00e1s\/Azal\u00e9ia na regi\u00e3o Sudoeste do estado, afetar\u00e1 diretamente 1,8 mil funcion\u00e1rios que trabalhavam na produ\u00e7\u00e3o de cal\u00e7ados. De acordo com a empresa, eles poder\u00e3o optar pela transfer\u00eancia para 12 outras unidades que o grupo tem na Bahia. A informa\u00e7\u00e3o \u00e9 da reportagem de Donaldson Gomes, da edi\u00e7\u00e3o deste s\u00e1bado (17) do jornal A Tarde. De acordo com a mat\u00e9ria, a companhia teve um preju\u00edzo de R$ 153,1 milh\u00f5es entre janeiro e setembro deste ano, o que justificou o encerramento das atividades em Potiragu\u00e1, Itarantim, Maiquinique, Ibicu\u00ed, Igua\u00ed e Itati. Outro argumento seria a concorr\u00eancia com produtos similares importados da \u00c1sia, que chegam ao mercado brasileiro com um pre\u00e7o menor. J\u00e1 em novembro de 2011, 1,5 mil trabalhadores foram demitidos de unidades do grupo. Ser\u00e1 que o Governo n\u00e3o sabia disto? Duvido&#8230;<\/p>\n","protected":false},"excerpt":{"rendered":"<p>O fechamento de seis unidades do grupo Vulcabr\u00e1s\/Azal\u00e9ia na regi\u00e3o Sudoeste do estado, afetar\u00e1 diretamente 1,8 mil funcion\u00e1rios que trabalhavam na produ\u00e7\u00e3o de cal\u00e7ados. De acordo com a empresa, eles poder\u00e3o optar pela transfer\u00eancia para 12 outras unidades que o grupo tem na Bahia. A informa\u00e7\u00e3o \u00e9 da reportagem de Donaldson Gomes, da edi\u00e7\u00e3o deste [&hellip;]<\/p>\n","protected":false},"author":2,"featured_media":0,"comment_status":"open","ping_status":"open","sticky":false,"template":"","format":"standard","meta":{"footnotes":"","_links_to":"","_links_to_target":""},"categories":[11],"tags":[],"class_list":["post-11239","post","type-post","status-publish","format-standard","hentry","category-quentinhas"],"views":1086,"_links":{"self":[{"href":"https:\/\/www.sudoestehoje.com.br\/novoportal\/wp-json\/wp\/v2\/posts\/11239","targetHints":{"allow":["GET"]}}],"collection":[{"href":"https:\/\/www.sudoestehoje.com.br\/novoportal\/wp-json\/wp\/v2\/posts"}],"about":[{"href":"https:\/\/www.sudoestehoje.com.br\/novoportal\/wp-json\/wp\/v2\/types\/post"}],"author":[{"embeddable":true,"href":"https:\/\/www.sudoestehoje.com.br\/novoportal\/wp-json\/wp\/v2\/users\/2"}],"replies":[{"embeddable":true,"href":"https:\/\/www.sudoestehoje.com.br\/novoportal\/wp-json\/wp\/v2\/comments?post=11239"}],"version-history":[{"count":1,"href":"https:\/\/www.sudoestehoje.com.br\/novoportal\/wp-json\/wp\/v2\/posts\/11239\/revisions"}],"predecessor-version":[{"id":11240,"href":"https:\/\/www.sudoestehoje.com.br\/novoportal\/wp-json\/wp\/v2\/posts\/11239\/revisions\/11240"}],"wp:attachment":[{"href":"https:\/\/www.sudoestehoje.com.br\/novoportal\/wp-json\/wp\/v2\/media?parent=11239"}],"wp:term":[{"taxonomy":"category","embeddable":true,"href":"https:\/\/www.sudoestehoje.com.br\/novoportal\/wp-json\/wp\/v2\/categories?post=11239"},{"taxonomy":"post_tag","embeddable":true,"href":"https:\/\/www.sudoestehoje.com.br\/novoportal\/wp-json\/wp\/v2\/tags?post=11239"}],"curies":[{"name":"wp","href":"https:\/\/api.w.org\/{rel}","templated":true}]}}