
{"id":112388,"date":"2023-08-31T17:18:50","date_gmt":"2023-08-31T20:18:50","guid":{"rendered":"https:\/\/www.sudoestehoje.com.br\/novoportal\/?p=112388"},"modified":"2023-08-31T17:18:50","modified_gmt":"2023-08-31T20:18:50","slug":"governador-adia-pela-6a-vez-vinda-a-itapetinga-para-inaugurar-complexo-esportivo","status":"publish","type":"post","link":"https:\/\/www.sudoestehoje.com.br\/novoportal\/2023\/08\/31\/governador-adia-pela-6a-vez-vinda-a-itapetinga-para-inaugurar-complexo-esportivo\/","title":{"rendered":"GOVERNADOR ADIA PELA 6\u00aa VEZ VINDA A ITAPETINGA PARA INAUGURAR COMPLEXO ESPORTIVO"},"content":{"rendered":"<p><img loading=\"lazy\" decoding=\"async\" class=\"alignnone  wp-image-112391\" src=\"https:\/\/www.sudoestehoje.com.br\/novoportal\/wp-content\/uploads\/2023\/08\/g-esporte-600x584.jpg\" alt=\"\" width=\"550\" height=\"535\" srcset=\"https:\/\/www.sudoestehoje.com.br\/novoportal\/wp-content\/uploads\/2023\/08\/g-esporte-600x584.jpg 600w, https:\/\/www.sudoestehoje.com.br\/novoportal\/wp-content\/uploads\/2023\/08\/g-esporte-700x681.jpg 700w, https:\/\/www.sudoestehoje.com.br\/novoportal\/wp-content\/uploads\/2023\/08\/g-esporte-768x747.jpg 768w, https:\/\/www.sudoestehoje.com.br\/novoportal\/wp-content\/uploads\/2023\/08\/g-esporte.jpg 915w\" sizes=\"auto, (max-width: 550px) 100vw, 550px\" \/><\/p>\n<p><strong>Mais uma vez, o governador adiou a sua vinda a Itapetinga, para inaugurar o Complexo Esportivo e reforma do Gin\u00e1sio de Esporte local, obras conclu\u00eddas desde junho de 2022, ainda no governo Rui Costa.<\/strong><\/p>\n<p><strong>No \u00faltimo domingo (27), as inaugura\u00e7\u00f5es e entrega dos equipamentos \u00e0 popula\u00e7\u00e3o deveriam ter sido realizadas, mas a vinda do governador e seu staff acabou sendo cancelada, sem maiores explica\u00e7\u00f5es, frustrando a popula\u00e7\u00e3o e o grupo pol\u00edtico ligado ao PT, que aguardava ansiosamente o encontro com o &#8216;chefe&#8217;, com todas as pompas. Furou, n\u00e3o deu.<\/strong><\/p>\n<p><strong>De imediato, foi anunciada pelos seus correligion\u00e1rios, uma nova data, 3 de setembro (domingo pr\u00f3ximo), que acabou sendo cancelada pela 6\u00aa vez, sem justificativa, pelo Gabinete Civil do governador, nesta quinta-feira.<\/strong><\/p>\n<p><strong>Neste vai e vem, aos desportistas de Itapetinga, alunos das escolas p\u00fablicas e a popula\u00e7\u00e3o em geral, est\u00e3o sem poder usar o equipamento p\u00fablico, \u00e0 espera da realiza\u00e7\u00e3o de um mero &#8216;ato pol\u00edtico eleitoreiro&#8217;, desnecess\u00e1rio e desrespeitoso.<\/strong><\/p>\n<p><strong>Isto \u00e9 vergonhoso!<\/strong><\/p>\n<p><strong>Por Davi Ferraz<\/strong><\/p>\n","protected":false},"excerpt":{"rendered":"<p>Mais uma vez, o governador adiou a sua vinda a Itapetinga, para inaugurar o Complexo Esportivo e reforma do Gin\u00e1sio de Esporte local, obras conclu\u00eddas desde junho de 2022, ainda no governo Rui Costa. No \u00faltimo domingo (27), as inaugura\u00e7\u00f5es e entrega dos equipamentos \u00e0 popula\u00e7\u00e3o deveriam ter sido realizadas, mas a vinda do governador [&hellip;]<\/p>\n","protected":false},"author":2,"featured_media":112391,"comment_status":"closed","ping_status":"open","sticky":false,"template":"","format":"standard","meta":{"footnotes":"","_links_to":"","_links_to_target":""},"categories":[1],"tags":[],"class_list":["post-112388","post","type-post","status-publish","format-standard","has-post-thumbnail","hentry","category-geral"],"views":1139,"_links":{"self":[{"href":"https:\/\/www.sudoestehoje.com.br\/novoportal\/wp-json\/wp\/v2\/posts\/112388","targetHints":{"allow":["GET"]}}],"collection":[{"href":"https:\/\/www.sudoestehoje.com.br\/novoportal\/wp-json\/wp\/v2\/posts"}],"about":[{"href":"https:\/\/www.sudoestehoje.com.br\/novoportal\/wp-json\/wp\/v2\/types\/post"}],"author":[{"embeddable":true,"href":"https:\/\/www.sudoestehoje.com.br\/novoportal\/wp-json\/wp\/v2\/users\/2"}],"replies":[{"embeddable":true,"href":"https:\/\/www.sudoestehoje.com.br\/novoportal\/wp-json\/wp\/v2\/comments?post=112388"}],"version-history":[{"count":5,"href":"https:\/\/www.sudoestehoje.com.br\/novoportal\/wp-json\/wp\/v2\/posts\/112388\/revisions"}],"predecessor-version":[{"id":112394,"href":"https:\/\/www.sudoestehoje.com.br\/novoportal\/wp-json\/wp\/v2\/posts\/112388\/revisions\/112394"}],"wp:featuredmedia":[{"embeddable":true,"href":"https:\/\/www.sudoestehoje.com.br\/novoportal\/wp-json\/wp\/v2\/media\/112391"}],"wp:attachment":[{"href":"https:\/\/www.sudoestehoje.com.br\/novoportal\/wp-json\/wp\/v2\/media?parent=112388"}],"wp:term":[{"taxonomy":"category","embeddable":true,"href":"https:\/\/www.sudoestehoje.com.br\/novoportal\/wp-json\/wp\/v2\/categories?post=112388"},{"taxonomy":"post_tag","embeddable":true,"href":"https:\/\/www.sudoestehoje.com.br\/novoportal\/wp-json\/wp\/v2\/tags?post=112388"}],"curies":[{"name":"wp","href":"https:\/\/api.w.org\/{rel}","templated":true}]}}