
{"id":112373,"date":"2023-08-29T18:57:29","date_gmt":"2023-08-29T21:57:29","guid":{"rendered":"https:\/\/www.sudoestehoje.com.br\/novoportal\/?p=112373"},"modified":"2023-08-29T18:59:30","modified_gmt":"2023-08-29T21:59:30","slug":"pedro-tavares-defende-luta-dos-prefeitos-que-buscam-solucoes-para-as-dificuldades-enfrentadas-pelos-municipios","status":"publish","type":"post","link":"https:\/\/www.sudoestehoje.com.br\/novoportal\/2023\/08\/29\/pedro-tavares-defende-luta-dos-prefeitos-que-buscam-solucoes-para-as-dificuldades-enfrentadas-pelos-municipios\/","title":{"rendered":"PEDRO TAVARES DEFENDE LUTA DOS PREFEITOS QUE BUSCAM SOLU\u00c7\u00d5ES PARA AS DIFICULDADES ENFRENTADAS PELOS MUNIC\u00cdPIOS"},"content":{"rendered":"<p><img loading=\"lazy\" decoding=\"async\" class=\"alignnone wp-image-112375\" src=\"https:\/\/www.sudoestehoje.com.br\/novoportal\/wp-content\/uploads\/2023\/08\/WhatsApp-Image-2023-08-29-at-18.38.15-600x338.jpeg\" alt=\"\" width=\"550\" height=\"310\" srcset=\"https:\/\/www.sudoestehoje.com.br\/novoportal\/wp-content\/uploads\/2023\/08\/WhatsApp-Image-2023-08-29-at-18.38.15-600x338.jpeg 600w, https:\/\/www.sudoestehoje.com.br\/novoportal\/wp-content\/uploads\/2023\/08\/WhatsApp-Image-2023-08-29-at-18.38.15-700x394.jpeg 700w, https:\/\/www.sudoestehoje.com.br\/novoportal\/wp-content\/uploads\/2023\/08\/WhatsApp-Image-2023-08-29-at-18.38.15-768x432.jpeg 768w, https:\/\/www.sudoestehoje.com.br\/novoportal\/wp-content\/uploads\/2023\/08\/WhatsApp-Image-2023-08-29-at-18.38.15.jpeg 951w\" sizes=\"auto, (max-width: 550px) 100vw, 550px\" \/><\/p>\n<p><strong>O deputado estadual Pedro Tavares (Uni\u00e3o Brasil), prestou solidariedade aos prefeitos baianos, que ir\u00e3o realizar nesta quarta-feira (30\/08), uma paralisa\u00e7\u00e3o, com o objetivo de chamar a aten\u00e7\u00e3o para as dificuldades financeiras enfrentadas pelos munic\u00edpios com a queda nos recursos do Fundo de Participa\u00e7\u00e3o dos Munic\u00edpios (FPM). <\/strong><\/p>\n<p><strong>Em pronunciamento no plen\u00e1rio da Assembleia Legislativa da Bahia (Alba), Tavares destacou que os munic\u00edpios pequenos, que vivem exclusivamente do FPM est\u00e3o sendo mais prejudicados.<\/strong><\/p>\n<p><strong>\u201cQuero prestar a minha solidariedade aos munic\u00edpios baianos que est\u00e3o com a cuia na m\u00e3o, sofrendo muito com a perda nos repasses do FPM. Lembramos que os munic\u00edpios s\u00e3o a base de tudo, pois as pessoas moram e utilizam os seus servi\u00e7os p\u00fablicos. <\/strong><\/p>\n<p><strong>O Governo precisa sim, ajudar os munic\u00edpios, principalmente aqueles que vivem exclusivamente do FPM. Os munic\u00edpios precisam de uma recomposi\u00e7\u00e3o emergencial para que n\u00e3o continuem sofrendo como est\u00e3o sofrendo\u201d, afirmou.<\/strong><\/p>\n<p><strong>Ascom deputado Pedro Tavares<\/strong><\/p>\n","protected":false},"excerpt":{"rendered":"<p>O deputado estadual Pedro Tavares (Uni\u00e3o Brasil), prestou solidariedade aos prefeitos baianos, que ir\u00e3o realizar nesta quarta-feira (30\/08), uma paralisa\u00e7\u00e3o, com o objetivo de chamar a aten\u00e7\u00e3o para as dificuldades financeiras enfrentadas pelos munic\u00edpios com a queda nos recursos do Fundo de Participa\u00e7\u00e3o dos Munic\u00edpios (FPM). Em pronunciamento no plen\u00e1rio da Assembleia Legislativa da Bahia [&hellip;]<\/p>\n","protected":false},"author":2,"featured_media":112375,"comment_status":"closed","ping_status":"open","sticky":false,"template":"","format":"standard","meta":{"footnotes":"","_links_to":"","_links_to_target":""},"categories":[1],"tags":[],"class_list":["post-112373","post","type-post","status-publish","format-standard","has-post-thumbnail","hentry","category-geral"],"views":762,"_links":{"self":[{"href":"https:\/\/www.sudoestehoje.com.br\/novoportal\/wp-json\/wp\/v2\/posts\/112373","targetHints":{"allow":["GET"]}}],"collection":[{"href":"https:\/\/www.sudoestehoje.com.br\/novoportal\/wp-json\/wp\/v2\/posts"}],"about":[{"href":"https:\/\/www.sudoestehoje.com.br\/novoportal\/wp-json\/wp\/v2\/types\/post"}],"author":[{"embeddable":true,"href":"https:\/\/www.sudoestehoje.com.br\/novoportal\/wp-json\/wp\/v2\/users\/2"}],"replies":[{"embeddable":true,"href":"https:\/\/www.sudoestehoje.com.br\/novoportal\/wp-json\/wp\/v2\/comments?post=112373"}],"version-history":[{"count":3,"href":"https:\/\/www.sudoestehoje.com.br\/novoportal\/wp-json\/wp\/v2\/posts\/112373\/revisions"}],"predecessor-version":[{"id":112377,"href":"https:\/\/www.sudoestehoje.com.br\/novoportal\/wp-json\/wp\/v2\/posts\/112373\/revisions\/112377"}],"wp:featuredmedia":[{"embeddable":true,"href":"https:\/\/www.sudoestehoje.com.br\/novoportal\/wp-json\/wp\/v2\/media\/112375"}],"wp:attachment":[{"href":"https:\/\/www.sudoestehoje.com.br\/novoportal\/wp-json\/wp\/v2\/media?parent=112373"}],"wp:term":[{"taxonomy":"category","embeddable":true,"href":"https:\/\/www.sudoestehoje.com.br\/novoportal\/wp-json\/wp\/v2\/categories?post=112373"},{"taxonomy":"post_tag","embeddable":true,"href":"https:\/\/www.sudoestehoje.com.br\/novoportal\/wp-json\/wp\/v2\/tags?post=112373"}],"curies":[{"name":"wp","href":"https:\/\/api.w.org\/{rel}","templated":true}]}}