
{"id":112369,"date":"2023-08-29T09:25:53","date_gmt":"2023-08-29T12:25:53","guid":{"rendered":"https:\/\/www.sudoestehoje.com.br\/novoportal\/?p=112369"},"modified":"2023-08-29T09:25:53","modified_gmt":"2023-08-29T12:25:53","slug":"jogador-de-futebol-que-doou-coracao-a-faustao-tinha-35-anos-e-morreu-de-avc","status":"publish","type":"post","link":"https:\/\/www.sudoestehoje.com.br\/novoportal\/2023\/08\/29\/jogador-de-futebol-que-doou-coracao-a-faustao-tinha-35-anos-e-morreu-de-avc\/","title":{"rendered":"JOGADOR DE FUTEBOL QUE DOOU CORA\u00c7\u00c3O A FAUST\u00c3O TINHA 35 ANOS E MORREU DE AVC"},"content":{"rendered":"<figure id=\"attachment_559248\" class=\"wp-caption aligncenter\" style=\"width: 550px;\" aria-describedby=\"caption-attachment-559248\"><figcaption id=\"caption-attachment-559248\" class=\"wp-caption-text\"><img loading=\"lazy\" decoding=\"async\" class=\"alignnone  wp-image-112371\" src=\"https:\/\/www.sudoestehoje.com.br\/novoportal\/wp-content\/uploads\/2023\/08\/reproducao-2.jpg\" alt=\"\" width=\"550\" height=\"330\" \/><\/figcaption><\/figure>\n<p data-sourcepos=\"5:1-5:207\"><strong>O apresentador Fausto Silva, de 73 anos, recebeu um cora\u00e7\u00e3o de F\u00e1bio Cordeiro da Silva, jogador de futebol de v\u00e1rzea de 35 anos, que faleceu no s\u00e1bado (26), v\u00edtima de um Acidente Vascular Cerebral (AVC).<\/strong><\/p>\n<p data-sourcepos=\"7:1-7:169\"><strong>Os dois tinham o mesmo tipo sangu\u00edneo e a cirurgia de transplante foi realizada no Hospital Albert Einstein, em S\u00e3o Paulo, no in\u00edcio da tarde do \u00faltimo domingo (27).<\/strong><\/p>\n<p data-sourcepos=\"9:1-9:133\"><strong>F\u00e1bio trabalhava como azulejista e era morador da cidade de Santos, no litoral paulista. Al\u00e9m do cora\u00e7\u00e3o, ele doou outros \u00f3rg\u00e3os.<\/strong><\/p>\n<p data-sourcepos=\"11:1-11:126\"><strong>O pai do jogador, Jos\u00e9 Pereira da Silva, disse ao programa \u201cBalan\u00e7o Geral\u201d, da Record TV, que ficou contente com a doa\u00e7\u00e3o.<em>\u201cTudo indica que o cora\u00e7\u00e3o foi para o Faust\u00e3o. Pelo hor\u00e1rio, por tudo. N\u00f3s ficamos contentes, o Faust\u00e3o foi muito prestativo. E o F\u00e1bio era um menino bom, trabalhador, muito querido. Mas a vida \u00e9 assim\u201d, disse.<\/em><\/strong><\/p>\n<p data-sourcepos=\"15:1-15:215\"><strong>Faust\u00e3o estava internado no hospital desde o dia 5 de agosto, com insufici\u00eancia card\u00edaca. A cirurgia foi considerada um sucesso e o apresentador segue internado na UTI para acompanhamento e controle de rejei\u00e7\u00e3o.<\/strong><\/p>\n","protected":false},"excerpt":{"rendered":"<p>O apresentador Fausto Silva, de 73 anos, recebeu um cora\u00e7\u00e3o de F\u00e1bio Cordeiro da Silva, jogador de futebol de v\u00e1rzea de 35 anos, que faleceu no s\u00e1bado (26), v\u00edtima de um Acidente Vascular Cerebral (AVC). Os dois tinham o mesmo tipo sangu\u00edneo e a cirurgia de transplante foi realizada no Hospital Albert Einstein, em S\u00e3o [&hellip;]<\/p>\n","protected":false},"author":2,"featured_media":112371,"comment_status":"closed","ping_status":"open","sticky":false,"template":"","format":"standard","meta":{"footnotes":"","_links_to":"","_links_to_target":""},"categories":[1],"tags":[],"class_list":["post-112369","post","type-post","status-publish","format-standard","has-post-thumbnail","hentry","category-geral"],"views":987,"_links":{"self":[{"href":"https:\/\/www.sudoestehoje.com.br\/novoportal\/wp-json\/wp\/v2\/posts\/112369","targetHints":{"allow":["GET"]}}],"collection":[{"href":"https:\/\/www.sudoestehoje.com.br\/novoportal\/wp-json\/wp\/v2\/posts"}],"about":[{"href":"https:\/\/www.sudoestehoje.com.br\/novoportal\/wp-json\/wp\/v2\/types\/post"}],"author":[{"embeddable":true,"href":"https:\/\/www.sudoestehoje.com.br\/novoportal\/wp-json\/wp\/v2\/users\/2"}],"replies":[{"embeddable":true,"href":"https:\/\/www.sudoestehoje.com.br\/novoportal\/wp-json\/wp\/v2\/comments?post=112369"}],"version-history":[{"count":2,"href":"https:\/\/www.sudoestehoje.com.br\/novoportal\/wp-json\/wp\/v2\/posts\/112369\/revisions"}],"predecessor-version":[{"id":112372,"href":"https:\/\/www.sudoestehoje.com.br\/novoportal\/wp-json\/wp\/v2\/posts\/112369\/revisions\/112372"}],"wp:featuredmedia":[{"embeddable":true,"href":"https:\/\/www.sudoestehoje.com.br\/novoportal\/wp-json\/wp\/v2\/media\/112371"}],"wp:attachment":[{"href":"https:\/\/www.sudoestehoje.com.br\/novoportal\/wp-json\/wp\/v2\/media?parent=112369"}],"wp:term":[{"taxonomy":"category","embeddable":true,"href":"https:\/\/www.sudoestehoje.com.br\/novoportal\/wp-json\/wp\/v2\/categories?post=112369"},{"taxonomy":"post_tag","embeddable":true,"href":"https:\/\/www.sudoestehoje.com.br\/novoportal\/wp-json\/wp\/v2\/tags?post=112369"}],"curies":[{"name":"wp","href":"https:\/\/api.w.org\/{rel}","templated":true}]}}