
{"id":112361,"date":"2023-08-27T18:34:48","date_gmt":"2023-08-27T21:34:48","guid":{"rendered":"https:\/\/www.sudoestehoje.com.br\/novoportal\/?p=112361"},"modified":"2023-08-27T18:34:48","modified_gmt":"2023-08-27T21:34:48","slug":"morre-helio-ribeiro-ex-prefeito-de-vitoria-da-conquista-aos-86-anos","status":"publish","type":"post","link":"https:\/\/www.sudoestehoje.com.br\/novoportal\/2023\/08\/27\/morre-helio-ribeiro-ex-prefeito-de-vitoria-da-conquista-aos-86-anos\/","title":{"rendered":"MORRE H\u00c9LIO RIBEIRO, EX-PREFEITO DE VIT\u00d3RIA DA CONQUISTA, AOS 86 ANOS"},"content":{"rendered":"<p><img loading=\"lazy\" decoding=\"async\" class=\"alignnone  wp-image-112362\" src=\"https:\/\/www.sudoestehoje.com.br\/novoportal\/wp-content\/uploads\/2023\/08\/IMG-20230827-WA0142.jpg\" alt=\"\" width=\"551\" height=\"413\" \/><\/p>\n<p><strong>Faleceu neste domingo, 27, aos 86 anos, o senhor H\u00e9lio Santos Ribeiro.\u00a0Ele morreu no Hospital Samur, v\u00edtima de complica\u00e7\u00f5es cardiovasculares.<\/strong><\/p>\n<p><strong>H\u00e9lio Ribeiro era uma figura de grande prest\u00edgio na regi\u00e3o, tendo ocupado v\u00e1rias fun\u00e7\u00f5es de destaque.<\/strong><\/p>\n<p><strong>A principal foi a de Prefeito entre 13 de mar\u00e7o de 1987 e 15 de agosto de 1988, quando Jos\u00e9 Pedral Sampaio renunciou para ocupar o cargo de Secret\u00e1rio de Transporte da Bahia, durante o governo Waldir Pires.<\/strong><\/p>\n","protected":false},"excerpt":{"rendered":"<p>Faleceu neste domingo, 27, aos 86 anos, o senhor H\u00e9lio Santos Ribeiro.\u00a0Ele morreu no Hospital Samur, v\u00edtima de complica\u00e7\u00f5es cardiovasculares. H\u00e9lio Ribeiro era uma figura de grande prest\u00edgio na regi\u00e3o, tendo ocupado v\u00e1rias fun\u00e7\u00f5es de destaque. A principal foi a de Prefeito entre 13 de mar\u00e7o de 1987 e 15 de agosto de 1988, quando [&hellip;]<\/p>\n","protected":false},"author":2,"featured_media":112362,"comment_status":"closed","ping_status":"open","sticky":false,"template":"","format":"standard","meta":{"footnotes":"","_links_to":"","_links_to_target":""},"categories":[1],"tags":[],"class_list":["post-112361","post","type-post","status-publish","format-standard","has-post-thumbnail","hentry","category-geral"],"views":866,"_links":{"self":[{"href":"https:\/\/www.sudoestehoje.com.br\/novoportal\/wp-json\/wp\/v2\/posts\/112361","targetHints":{"allow":["GET"]}}],"collection":[{"href":"https:\/\/www.sudoestehoje.com.br\/novoportal\/wp-json\/wp\/v2\/posts"}],"about":[{"href":"https:\/\/www.sudoestehoje.com.br\/novoportal\/wp-json\/wp\/v2\/types\/post"}],"author":[{"embeddable":true,"href":"https:\/\/www.sudoestehoje.com.br\/novoportal\/wp-json\/wp\/v2\/users\/2"}],"replies":[{"embeddable":true,"href":"https:\/\/www.sudoestehoje.com.br\/novoportal\/wp-json\/wp\/v2\/comments?post=112361"}],"version-history":[{"count":1,"href":"https:\/\/www.sudoestehoje.com.br\/novoportal\/wp-json\/wp\/v2\/posts\/112361\/revisions"}],"predecessor-version":[{"id":112363,"href":"https:\/\/www.sudoestehoje.com.br\/novoportal\/wp-json\/wp\/v2\/posts\/112361\/revisions\/112363"}],"wp:featuredmedia":[{"embeddable":true,"href":"https:\/\/www.sudoestehoje.com.br\/novoportal\/wp-json\/wp\/v2\/media\/112362"}],"wp:attachment":[{"href":"https:\/\/www.sudoestehoje.com.br\/novoportal\/wp-json\/wp\/v2\/media?parent=112361"}],"wp:term":[{"taxonomy":"category","embeddable":true,"href":"https:\/\/www.sudoestehoje.com.br\/novoportal\/wp-json\/wp\/v2\/categories?post=112361"},{"taxonomy":"post_tag","embeddable":true,"href":"https:\/\/www.sudoestehoje.com.br\/novoportal\/wp-json\/wp\/v2\/tags?post=112361"}],"curies":[{"name":"wp","href":"https:\/\/api.w.org\/{rel}","templated":true}]}}