
{"id":112348,"date":"2023-08-27T11:02:20","date_gmt":"2023-08-27T14:02:20","guid":{"rendered":"https:\/\/www.sudoestehoje.com.br\/novoportal\/?p=112348"},"modified":"2023-08-27T11:13:01","modified_gmt":"2023-08-27T14:13:01","slug":"itapetinga-parte-da-cidade-continua-sem-energia-apos-tempestade-derrubou-postes-e-redes-eletricas","status":"publish","type":"post","link":"https:\/\/www.sudoestehoje.com.br\/novoportal\/2023\/08\/27\/itapetinga-parte-da-cidade-continua-sem-energia-apos-tempestade-derrubou-postes-e-redes-eletricas\/","title":{"rendered":"ITAPETINGA | PARTE DA CIDADE CONTINUA SEM ENERGIA AP\u00d3S TEMPESTADE DERRUBAR POSTES E REDES EL\u00c9TRICAS"},"content":{"rendered":"<p><img loading=\"lazy\" decoding=\"async\" class=\"alignnone wp-image-112349\" src=\"https:\/\/www.sudoestehoje.com.br\/novoportal\/wp-content\/uploads\/2023\/08\/hq2.jpg\" alt=\"\" width=\"524\" height=\"393\" \/><\/p>\n<p><strong>O forte vendaval que se abateu sobre a cidade de Itapetinga, no final da tarde de ontem (26), derrubou postes de energia e redes el\u00e9tricas em v\u00e1rios bairros da cidade, causando grande transtornos e preju\u00edzos \u00e0 popula\u00e7\u00e3o, com\u00e9rcio e outros setores produtivos na sede do munic\u00edpio.<\/strong><\/p>\n<p><strong>De acordo com informa\u00e7\u00f5es colhidas pelo Sudoeste Hoje, somente os bairros Camacan, Primavera e entorno do Parque da Lagoa, n\u00e3o sofreram falta de energia at\u00e9 o momento. Os demais, ficaram \u00e0s escuras, desde o momento da tempestade.<\/strong><\/p>\n<p><strong>Uma explos\u00e3o na subesta\u00e7\u00e3o da Coelba tamb\u00e9m contribuiu para o &#8216;apag\u00e3o&#8217;, que deve ser solucionado at\u00e9 amanh\u00e3, segundo informa\u00e7\u00f5es da distribuidora.<\/strong><\/p>\n<p><strong>Equipes da Defesa Civil e secretarias municipais tamb\u00e9m entraram em campo para retirada de galhos ca\u00eddos na rede el\u00e9trica, para facilitar o trabalho dos t\u00e9cnicos da Coelba.<\/strong><\/p>\n<p><strong>Por Davi Ferraz<\/strong><\/p>\n","protected":false},"excerpt":{"rendered":"<p>O forte vendaval que se abateu sobre a cidade de Itapetinga, no final da tarde de ontem (26), derrubou postes de energia e redes el\u00e9tricas em v\u00e1rios bairros da cidade, causando grande transtornos e preju\u00edzos \u00e0 popula\u00e7\u00e3o, com\u00e9rcio e outros setores produtivos na sede do munic\u00edpio. De acordo com informa\u00e7\u00f5es colhidas pelo Sudoeste Hoje, somente [&hellip;]<\/p>\n","protected":false},"author":2,"featured_media":112349,"comment_status":"closed","ping_status":"open","sticky":false,"template":"","format":"standard","meta":{"footnotes":"","_links_to":"","_links_to_target":""},"categories":[1],"tags":[],"class_list":["post-112348","post","type-post","status-publish","format-standard","has-post-thumbnail","hentry","category-geral"],"views":1184,"_links":{"self":[{"href":"https:\/\/www.sudoestehoje.com.br\/novoportal\/wp-json\/wp\/v2\/posts\/112348","targetHints":{"allow":["GET"]}}],"collection":[{"href":"https:\/\/www.sudoestehoje.com.br\/novoportal\/wp-json\/wp\/v2\/posts"}],"about":[{"href":"https:\/\/www.sudoestehoje.com.br\/novoportal\/wp-json\/wp\/v2\/types\/post"}],"author":[{"embeddable":true,"href":"https:\/\/www.sudoestehoje.com.br\/novoportal\/wp-json\/wp\/v2\/users\/2"}],"replies":[{"embeddable":true,"href":"https:\/\/www.sudoestehoje.com.br\/novoportal\/wp-json\/wp\/v2\/comments?post=112348"}],"version-history":[{"count":4,"href":"https:\/\/www.sudoestehoje.com.br\/novoportal\/wp-json\/wp\/v2\/posts\/112348\/revisions"}],"predecessor-version":[{"id":112353,"href":"https:\/\/www.sudoestehoje.com.br\/novoportal\/wp-json\/wp\/v2\/posts\/112348\/revisions\/112353"}],"wp:featuredmedia":[{"embeddable":true,"href":"https:\/\/www.sudoestehoje.com.br\/novoportal\/wp-json\/wp\/v2\/media\/112349"}],"wp:attachment":[{"href":"https:\/\/www.sudoestehoje.com.br\/novoportal\/wp-json\/wp\/v2\/media?parent=112348"}],"wp:term":[{"taxonomy":"category","embeddable":true,"href":"https:\/\/www.sudoestehoje.com.br\/novoportal\/wp-json\/wp\/v2\/categories?post=112348"},{"taxonomy":"post_tag","embeddable":true,"href":"https:\/\/www.sudoestehoje.com.br\/novoportal\/wp-json\/wp\/v2\/tags?post=112348"}],"curies":[{"name":"wp","href":"https:\/\/api.w.org\/{rel}","templated":true}]}}