
{"id":112320,"date":"2023-08-26T19:44:26","date_gmt":"2023-08-26T22:44:26","guid":{"rendered":"https:\/\/www.sudoestehoje.com.br\/novoportal\/?p=112320"},"modified":"2023-08-26T20:06:01","modified_gmt":"2023-08-26T23:06:01","slug":"itapetinga-e-atingida-por-tempestade-e-fortes-rajadas-de-vento-neste-sabado","status":"publish","type":"post","link":"https:\/\/www.sudoestehoje.com.br\/novoportal\/2023\/08\/26\/itapetinga-e-atingida-por-tempestade-e-fortes-rajadas-de-vento-neste-sabado\/","title":{"rendered":"ITAPETINGA \u00c9 ATINGIDA POR TEMPESTADE E FORTES RAJADAS DE VENTO NESTE S\u00c1BADO"},"content":{"rendered":"<p><img loading=\"lazy\" decoding=\"async\" class=\"alignnone wp-image-112043\" src=\"https:\/\/www.sudoestehoje.com.br\/novoportal\/wp-content\/uploads\/2023\/08\/Banner-500X100.gif\" alt=\"\" width=\"550\" height=\"110\" \/><\/p>\n<p><img loading=\"lazy\" decoding=\"async\" class=\"alignnone wp-image-112325\" src=\"https:\/\/www.sudoestehoje.com.br\/novoportal\/wp-content\/uploads\/2023\/08\/WhatsApp-Image-2023-08-26-at-19.37.45-600x338.jpeg\" alt=\"\" width=\"549\" height=\"309\" srcset=\"https:\/\/www.sudoestehoje.com.br\/novoportal\/wp-content\/uploads\/2023\/08\/WhatsApp-Image-2023-08-26-at-19.37.45-600x338.jpeg 600w, https:\/\/www.sudoestehoje.com.br\/novoportal\/wp-content\/uploads\/2023\/08\/WhatsApp-Image-2023-08-26-at-19.37.45-700x394.jpeg 700w, https:\/\/www.sudoestehoje.com.br\/novoportal\/wp-content\/uploads\/2023\/08\/WhatsApp-Image-2023-08-26-at-19.37.45-768x432.jpeg 768w, https:\/\/www.sudoestehoje.com.br\/novoportal\/wp-content\/uploads\/2023\/08\/WhatsApp-Image-2023-08-26-at-19.37.45.jpeg 1280w\" sizes=\"auto, (max-width: 549px) 100vw, 549px\" \/><\/p>\n<p><strong>Um vendaval atingiu a cidade de Itapetinga, no final da tarde deste s\u00e1bado, com fortes rajadas de vento derrubando \u00e1rvores, arrancando telhados e estruturas de bares em v\u00e1rias partes da cidade.<\/strong><\/p>\n<p><strong>No Parque da Lagoa, principal espa\u00e7o de lazer da cidade, toldos de bares e barracas foram arrastados pela for\u00e7a dos ventos, causando correria e medo aos frequentadores do local.\u00a0<\/strong><\/p>\n<p><strong>Em outros locais, como pra\u00e7as e avenidas, \u00e1rvores foram literalmente derrubadas pelo vento, causando queda de energia el\u00e9trica em v\u00e1rios bairros da cidade.<\/strong><\/p>\n<p><strong>N\u00e3o h\u00e1 informa\u00e7\u00f5es de pessoas feridas, apesar do enorme preju\u00edzo material a alguns estabelecimentos e resid\u00eancias. Veja v\u00eddeo:<\/strong><\/p>\n<div style=\"width: 384px;\" class=\"wp-video\"><!--[if lt IE 9]><script>document.createElement('video');<\/script><![endif]-->\n<video class=\"wp-video-shortcode\" id=\"video-112320-1\" width=\"384\" height=\"682\" preload=\"metadata\" controls=\"controls\"><source type=\"video\/mp4\" src=\"https:\/\/www.sudoestehoje.com.br\/novoportal\/wp-content\/uploads\/2023\/08\/WhatsApp-Video-2023-08-26-at-19.57.31.mp4?_=1\" \/><a href=\"https:\/\/www.sudoestehoje.com.br\/novoportal\/wp-content\/uploads\/2023\/08\/WhatsApp-Video-2023-08-26-at-19.57.31.mp4\">https:\/\/www.sudoestehoje.com.br\/novoportal\/wp-content\/uploads\/2023\/08\/WhatsApp-Video-2023-08-26-at-19.57.31.mp4<\/a><\/video><\/div>\n<p>&nbsp;<\/p>\n<p><strong>Reda\u00e7\u00e3o SH\u00a0<\/strong><\/p>\n","protected":false},"excerpt":{"rendered":"<p>Um vendaval atingiu a cidade de Itapetinga, no final da tarde deste s\u00e1bado, com fortes rajadas de vento derrubando \u00e1rvores, arrancando telhados e estruturas de bares em v\u00e1rias partes da cidade. No Parque da Lagoa, principal espa\u00e7o de lazer da cidade, toldos de bares e barracas foram arrastados pela for\u00e7a dos ventos, causando correria e [&hellip;]<\/p>\n","protected":false},"author":2,"featured_media":112325,"comment_status":"closed","ping_status":"open","sticky":false,"template":"","format":"standard","meta":{"footnotes":"","_links_to":"","_links_to_target":""},"categories":[1],"tags":[],"class_list":["post-112320","post","type-post","status-publish","format-standard","has-post-thumbnail","hentry","category-geral"],"views":1819,"_links":{"self":[{"href":"https:\/\/www.sudoestehoje.com.br\/novoportal\/wp-json\/wp\/v2\/posts\/112320","targetHints":{"allow":["GET"]}}],"collection":[{"href":"https:\/\/www.sudoestehoje.com.br\/novoportal\/wp-json\/wp\/v2\/posts"}],"about":[{"href":"https:\/\/www.sudoestehoje.com.br\/novoportal\/wp-json\/wp\/v2\/types\/post"}],"author":[{"embeddable":true,"href":"https:\/\/www.sudoestehoje.com.br\/novoportal\/wp-json\/wp\/v2\/users\/2"}],"replies":[{"embeddable":true,"href":"https:\/\/www.sudoestehoje.com.br\/novoportal\/wp-json\/wp\/v2\/comments?post=112320"}],"version-history":[{"count":4,"href":"https:\/\/www.sudoestehoje.com.br\/novoportal\/wp-json\/wp\/v2\/posts\/112320\/revisions"}],"predecessor-version":[{"id":112329,"href":"https:\/\/www.sudoestehoje.com.br\/novoportal\/wp-json\/wp\/v2\/posts\/112320\/revisions\/112329"}],"wp:featuredmedia":[{"embeddable":true,"href":"https:\/\/www.sudoestehoje.com.br\/novoportal\/wp-json\/wp\/v2\/media\/112325"}],"wp:attachment":[{"href":"https:\/\/www.sudoestehoje.com.br\/novoportal\/wp-json\/wp\/v2\/media?parent=112320"}],"wp:term":[{"taxonomy":"category","embeddable":true,"href":"https:\/\/www.sudoestehoje.com.br\/novoportal\/wp-json\/wp\/v2\/categories?post=112320"},{"taxonomy":"post_tag","embeddable":true,"href":"https:\/\/www.sudoestehoje.com.br\/novoportal\/wp-json\/wp\/v2\/tags?post=112320"}],"curies":[{"name":"wp","href":"https:\/\/api.w.org\/{rel}","templated":true}]}}