
{"id":112304,"date":"2023-08-25T10:53:47","date_gmt":"2023-08-25T13:53:47","guid":{"rendered":"https:\/\/www.sudoestehoje.com.br\/novoportal\/?p=112304"},"modified":"2023-08-25T10:59:04","modified_gmt":"2023-08-25T13:59:04","slug":"itapetinga-propostas-do-pre-candidato-davi-ferraz-agradam-e-repercutem","status":"publish","type":"post","link":"https:\/\/www.sudoestehoje.com.br\/novoportal\/2023\/08\/25\/itapetinga-propostas-do-pre-candidato-davi-ferraz-agradam-e-repercutem\/","title":{"rendered":"ITAPETINGA | PROPOSTAS DO PR\u00c9-CANDIDATO DAVI FERRAZ AGRADAM E REPERCUTEM"},"content":{"rendered":"<p><img loading=\"lazy\" decoding=\"async\" class=\"alignnone wp-image-112043\" src=\"https:\/\/www.sudoestehoje.com.br\/novoportal\/wp-content\/uploads\/2023\/08\/Banner-500X100.gif\" alt=\"\" width=\"550\" height=\"110\" \/><img loading=\"lazy\" decoding=\"async\" class=\"alignnone wp-image-112306\" src=\"https:\/\/www.sudoestehoje.com.br\/novoportal\/wp-content\/uploads\/2023\/08\/WhatsApp-Image-2023-08-25-at-10.08.12-600x372.jpeg\" alt=\"\" width=\"550\" height=\"341\" srcset=\"https:\/\/www.sudoestehoje.com.br\/novoportal\/wp-content\/uploads\/2023\/08\/WhatsApp-Image-2023-08-25-at-10.08.12-600x372.jpeg 600w, https:\/\/www.sudoestehoje.com.br\/novoportal\/wp-content\/uploads\/2023\/08\/WhatsApp-Image-2023-08-25-at-10.08.12-700x434.jpeg 700w, https:\/\/www.sudoestehoje.com.br\/novoportal\/wp-content\/uploads\/2023\/08\/WhatsApp-Image-2023-08-25-at-10.08.12-768x476.jpeg 768w, https:\/\/www.sudoestehoje.com.br\/novoportal\/wp-content\/uploads\/2023\/08\/WhatsApp-Image-2023-08-25-at-10.08.12-1536x951.jpeg 1536w, https:\/\/www.sudoestehoje.com.br\/novoportal\/wp-content\/uploads\/2023\/08\/WhatsApp-Image-2023-08-25-at-10.08.12.jpeg 1600w\" sizes=\"auto, (max-width: 550px) 100vw, 550px\" \/><\/p>\n<p><strong>Desde o lan\u00e7amento da sua pr\u00e9-candidatura a prefeito de Itapetinga, em meados de junho deste ano, o advogado e professor Rivad\u00e1via Ferraz (Davi) sugerindo algumas a\u00e7\u00f5es vi\u00e1veis e necess\u00e1rias aos nossos governantes, em todas as esferas, visando o desenvolvimento do munic\u00edpio.<\/strong><\/p>\n<p><strong>Cuidadosamente estudadas e analisadas, as propostas de Davi Ferraz v\u00eam agradando \u00e0 popula\u00e7\u00e3o do munic\u00edpio, sem falar da grande repercuss\u00e3o alcan\u00e7ada atrav\u00e9s da imprensa local e regional, e redes sociais, surpreendendo os analistas pol\u00edticos, que passaram a considerar o experiente advogado como um nome vi\u00e1vel para a disputa de 2024.<\/strong><\/p>\n<p><img loading=\"lazy\" decoding=\"async\" class=\"alignnone wp-image-112310\" src=\"https:\/\/www.sudoestehoje.com.br\/novoportal\/wp-content\/uploads\/2023\/08\/WhatsApp-Image-2023-08-25-at-10.33.39-600x672.jpeg\" alt=\"\" width=\"550\" height=\"616\" srcset=\"https:\/\/www.sudoestehoje.com.br\/novoportal\/wp-content\/uploads\/2023\/08\/WhatsApp-Image-2023-08-25-at-10.33.39-600x672.jpeg 600w, https:\/\/www.sudoestehoje.com.br\/novoportal\/wp-content\/uploads\/2023\/08\/WhatsApp-Image-2023-08-25-at-10.33.39-700x784.jpeg 700w, https:\/\/www.sudoestehoje.com.br\/novoportal\/wp-content\/uploads\/2023\/08\/WhatsApp-Image-2023-08-25-at-10.33.39-768x860.jpeg 768w, https:\/\/www.sudoestehoje.com.br\/novoportal\/wp-content\/uploads\/2023\/08\/WhatsApp-Image-2023-08-25-at-10.33.39.jpeg 1078w\" sizes=\"auto, (max-width: 550px) 100vw, 550px\" \/><\/p>\n<p><strong><em>&#8220;O per\u00edodo das pr\u00e9-candidaturas, permite que os postulantes a prefeito mostrem todo o seu conhecimento, preparo e experi\u00eancia em gest\u00e3o p\u00fablica, para que o eleitor fa\u00e7a uma escolha de qualidade e evite votar &#8216;no escuro&#8217;, se arrependendo depois. O prefeito \u00e9 uma esp\u00e9cie de &#8216;gerente&#8217; do povo, e n\u00e3o uma autoridade que faz o que bem quiser, mandando e desmandando, como acontece na maioria dos casos. N\u00e3o \u00e9 esse o nosso prop\u00f3sito&#8221;<\/em>, afirmou Davi Ferraz, ao Sudoeste Hoje. \u00a0<\/strong><\/p>\n<p><em><strong>Confira as principais propostas do pr\u00e9-candidato:<\/strong><\/em><\/p>\n\n\t\t<style type=\"text\/css\">\n\t\t\t#gallery-1 {\n\t\t\t\tmargin: auto;\n\t\t\t}\n\t\t\t#gallery-1 .gallery-item {\n\t\t\t\tfloat: left;\n\t\t\t\tmargin-top: 10px;\n\t\t\t\ttext-align: center;\n\t\t\t\twidth: 33%;\n\t\t\t}\n\t\t\t#gallery-1 img {\n\t\t\t\tborder: 2px solid #cfcfcf;\n\t\t\t}\n\t\t\t#gallery-1 .gallery-caption {\n\t\t\t\tmargin-left: 0;\n\t\t\t}\n\t\t\t\/* see gallery_shortcode() in wp-includes\/media.php *\/\n\t\t<\/style>\n\t\t<div id='gallery-1' class='gallery galleryid-112304 gallery-columns-3 gallery-size-thumbnail'><dl class='gallery-item'>\n\t\t\t<dt class='gallery-icon portrait'>\n\t\t\t\t<a href='https:\/\/www.sudoestehoje.com.br\/novoportal\/2023\/08\/25\/itapetinga-propostas-do-pre-candidato-davi-ferraz-agradam-e-repercutem\/whatsapp-image-2023-08-25-at-10-37-52\/'><img loading=\"lazy\" decoding=\"async\" width=\"150\" height=\"150\" src=\"https:\/\/www.sudoestehoje.com.br\/novoportal\/wp-content\/uploads\/2023\/08\/WhatsApp-Image-2023-08-25-at-10.37.52-150x150.jpeg\" class=\"attachment-thumbnail size-thumbnail\" alt=\"\" \/><\/a>\n\t\t\t<\/dt><\/dl><dl class='gallery-item'>\n\t\t\t<dt class='gallery-icon portrait'>\n\t\t\t\t<a href='https:\/\/www.sudoestehoje.com.br\/novoportal\/2023\/08\/25\/itapetinga-propostas-do-pre-candidato-davi-ferraz-agradam-e-repercutem\/whatsapp-image-2023-08-25-at-10-36-31\/'><img loading=\"lazy\" decoding=\"async\" width=\"150\" height=\"150\" src=\"https:\/\/www.sudoestehoje.com.br\/novoportal\/wp-content\/uploads\/2023\/08\/WhatsApp-Image-2023-08-25-at-10.36.31-150x150.jpeg\" class=\"attachment-thumbnail size-thumbnail\" alt=\"\" \/><\/a>\n\t\t\t<\/dt><\/dl><dl class='gallery-item'>\n\t\t\t<dt class='gallery-icon portrait'>\n\t\t\t\t<a href='https:\/\/www.sudoestehoje.com.br\/novoportal\/2023\/08\/25\/itapetinga-propostas-do-pre-candidato-davi-ferraz-agradam-e-repercutem\/whatsapp-image-2023-08-25-at-10-35-42\/'><img loading=\"lazy\" decoding=\"async\" width=\"150\" height=\"150\" src=\"https:\/\/www.sudoestehoje.com.br\/novoportal\/wp-content\/uploads\/2023\/08\/WhatsApp-Image-2023-08-25-at-10.35.42-150x150.jpeg\" class=\"attachment-thumbnail size-thumbnail\" alt=\"\" \/><\/a>\n\t\t\t<\/dt><\/dl><br style=\"clear: both\" \/><dl class='gallery-item'>\n\t\t\t<dt class='gallery-icon portrait'>\n\t\t\t\t<a href='https:\/\/www.sudoestehoje.com.br\/novoportal\/2023\/08\/25\/itapetinga-propostas-do-pre-candidato-davi-ferraz-agradam-e-repercutem\/whatsapp-image-2023-08-25-at-10-23-52\/'><img loading=\"lazy\" decoding=\"async\" width=\"150\" height=\"150\" src=\"https:\/\/www.sudoestehoje.com.br\/novoportal\/wp-content\/uploads\/2023\/08\/WhatsApp-Image-2023-08-25-at-10.23.52-150x150.jpeg\" class=\"attachment-thumbnail size-thumbnail\" alt=\"\" \/><\/a>\n\t\t\t<\/dt><\/dl><dl class='gallery-item'>\n\t\t\t<dt class='gallery-icon portrait'>\n\t\t\t\t<a href='https:\/\/www.sudoestehoje.com.br\/novoportal\/2023\/08\/25\/itapetinga-propostas-do-pre-candidato-davi-ferraz-agradam-e-repercutem\/whatsapp-image-2023-08-25-at-10-21-13\/'><img loading=\"lazy\" decoding=\"async\" width=\"150\" height=\"150\" src=\"https:\/\/www.sudoestehoje.com.br\/novoportal\/wp-content\/uploads\/2023\/08\/WhatsApp-Image-2023-08-25-at-10.21.13-150x150.jpeg\" class=\"attachment-thumbnail size-thumbnail\" alt=\"\" \/><\/a>\n\t\t\t<\/dt><\/dl><dl class='gallery-item'>\n\t\t\t<dt class='gallery-icon landscape'>\n\t\t\t\t<a href='https:\/\/www.sudoestehoje.com.br\/novoportal\/2023\/08\/25\/itapetinga-propostas-do-pre-candidato-davi-ferraz-agradam-e-repercutem\/whatsapp-image-2023-08-25-at-10-22-45\/'><img loading=\"lazy\" decoding=\"async\" width=\"150\" height=\"150\" src=\"https:\/\/www.sudoestehoje.com.br\/novoportal\/wp-content\/uploads\/2023\/08\/WhatsApp-Image-2023-08-25-at-10.22.45-150x150.jpeg\" class=\"attachment-thumbnail size-thumbnail\" alt=\"\" \/><\/a>\n\t\t\t<\/dt><\/dl><br style=\"clear: both\" \/>\n\t\t<\/div>\n\n","protected":false},"excerpt":{"rendered":"<p>Desde o lan\u00e7amento da sua pr\u00e9-candidatura a prefeito de Itapetinga, em meados de junho deste ano, o advogado e professor Rivad\u00e1via Ferraz (Davi) sugerindo algumas a\u00e7\u00f5es vi\u00e1veis e necess\u00e1rias aos nossos governantes, em todas as esferas, visando o desenvolvimento do munic\u00edpio. Cuidadosamente estudadas e analisadas, as propostas de Davi Ferraz v\u00eam agradando \u00e0 popula\u00e7\u00e3o do [&hellip;]<\/p>\n","protected":false},"author":2,"featured_media":112306,"comment_status":"closed","ping_status":"open","sticky":false,"template":"","format":"standard","meta":{"footnotes":"","_links_to":"","_links_to_target":""},"categories":[1],"tags":[],"class_list":["post-112304","post","type-post","status-publish","format-standard","has-post-thumbnail","hentry","category-geral"],"views":592,"_links":{"self":[{"href":"https:\/\/www.sudoestehoje.com.br\/novoportal\/wp-json\/wp\/v2\/posts\/112304","targetHints":{"allow":["GET"]}}],"collection":[{"href":"https:\/\/www.sudoestehoje.com.br\/novoportal\/wp-json\/wp\/v2\/posts"}],"about":[{"href":"https:\/\/www.sudoestehoje.com.br\/novoportal\/wp-json\/wp\/v2\/types\/post"}],"author":[{"embeddable":true,"href":"https:\/\/www.sudoestehoje.com.br\/novoportal\/wp-json\/wp\/v2\/users\/2"}],"replies":[{"embeddable":true,"href":"https:\/\/www.sudoestehoje.com.br\/novoportal\/wp-json\/wp\/v2\/comments?post=112304"}],"version-history":[{"count":2,"href":"https:\/\/www.sudoestehoje.com.br\/novoportal\/wp-json\/wp\/v2\/posts\/112304\/revisions"}],"predecessor-version":[{"id":112314,"href":"https:\/\/www.sudoestehoje.com.br\/novoportal\/wp-json\/wp\/v2\/posts\/112304\/revisions\/112314"}],"wp:featuredmedia":[{"embeddable":true,"href":"https:\/\/www.sudoestehoje.com.br\/novoportal\/wp-json\/wp\/v2\/media\/112306"}],"wp:attachment":[{"href":"https:\/\/www.sudoestehoje.com.br\/novoportal\/wp-json\/wp\/v2\/media?parent=112304"}],"wp:term":[{"taxonomy":"category","embeddable":true,"href":"https:\/\/www.sudoestehoje.com.br\/novoportal\/wp-json\/wp\/v2\/categories?post=112304"},{"taxonomy":"post_tag","embeddable":true,"href":"https:\/\/www.sudoestehoje.com.br\/novoportal\/wp-json\/wp\/v2\/tags?post=112304"}],"curies":[{"name":"wp","href":"https:\/\/api.w.org\/{rel}","templated":true}]}}