
{"id":112297,"date":"2023-08-24T23:27:08","date_gmt":"2023-08-25T02:27:08","guid":{"rendered":"https:\/\/www.sudoestehoje.com.br\/novoportal\/?p=112297"},"modified":"2023-08-24T23:27:08","modified_gmt":"2023-08-25T02:27:08","slug":"itapetinga-prefeito-rodrigo-hagge-deve-participar-de-inauguracoes-ao-lado-do-governador-jeronimo","status":"publish","type":"post","link":"https:\/\/www.sudoestehoje.com.br\/novoportal\/2023\/08\/24\/itapetinga-prefeito-rodrigo-hagge-deve-participar-de-inauguracoes-ao-lado-do-governador-jeronimo\/","title":{"rendered":"ITAPETINGA | PREFEITO RODRIGO HAGGE DEVE PARTICIPAR DE INAUGURA\u00c7\u00d5ES AO LADO DO GOVERNADOR JER\u00d4NIMO"},"content":{"rendered":"<p><img loading=\"lazy\" decoding=\"async\" class=\"alignnone  wp-image-112043\" src=\"https:\/\/www.sudoestehoje.com.br\/novoportal\/wp-content\/uploads\/2023\/08\/Banner-500X100.gif\" alt=\"\" width=\"550\" height=\"110\" \/><\/p>\n<p><img loading=\"lazy\" decoding=\"async\" class=\"alignnone  wp-image-112299\" src=\"https:\/\/www.sudoestehoje.com.br\/novoportal\/wp-content\/uploads\/2023\/08\/maxresdefault-1-600x338.jpg\" alt=\"\" width=\"550\" height=\"310\" srcset=\"https:\/\/www.sudoestehoje.com.br\/novoportal\/wp-content\/uploads\/2023\/08\/maxresdefault-1-600x338.jpg 600w, https:\/\/www.sudoestehoje.com.br\/novoportal\/wp-content\/uploads\/2023\/08\/maxresdefault-1-700x394.jpg 700w, https:\/\/www.sudoestehoje.com.br\/novoportal\/wp-content\/uploads\/2023\/08\/maxresdefault-1-768x432.jpg 768w, https:\/\/www.sudoestehoje.com.br\/novoportal\/wp-content\/uploads\/2023\/08\/maxresdefault-1.jpg 1280w\" sizes=\"auto, (max-width: 550px) 100vw, 550px\" \/><\/p>\n<p><strong>No pr\u00f3ximo domingo (27), o governador do estado Jer\u00f4nimo Rodrigues vir\u00e1 a Itapetinga para inaugurar algumas realiza\u00e7\u00f5es do governo no munic\u00edpio, dentre elas o Complexo Esportivo e a reforma do Aer\u00f3dromo local.<\/strong><\/p>\n<p><strong>Convidado pelo gabinete do governador, o prefeito Rodrigo Hagge (MDB) dever\u00e1 se fazer presente no evento, representando o principal munic\u00edpio do M\u00e9dio Sudoeste Baiano.<\/strong><\/p>\n<p><strong>Ao <em>Sudoeste Hoje<\/em>, o prefeito confirmou o convite e a sua participa\u00e7\u00e3o, lembrando que o seu partido, o MDB, faz parte da base governista na Bahia, apesar das diferen\u00e7as locais com grupos ligados ao governo.<\/strong><\/p>\n<p><strong>A participa\u00e7\u00e3o do prefeito de Itapetinga no evento \u00e9 encarada como uma demonstra\u00e7\u00e3o de desprendimento e compromisso com desenvolvimento do munic\u00edpio e da regi\u00e3o.<\/strong><\/p>\n<p><strong><em>&#8220;Tudo que o governo do estado trouxer para Itapetinga, ser\u00e1 bem-vindo e contribuir\u00e1 para o estreitamento da necess\u00e1ria rela\u00e7\u00e3o entre o nosso munic\u00edpio e o governo estadual&#8221;<\/em>, lembrou o gestor municipal.<\/strong><\/p>\n<p><strong>Por Davi Ferraz<\/strong><\/p>\n","protected":false},"excerpt":{"rendered":"<p>No pr\u00f3ximo domingo (27), o governador do estado Jer\u00f4nimo Rodrigues vir\u00e1 a Itapetinga para inaugurar algumas realiza\u00e7\u00f5es do governo no munic\u00edpio, dentre elas o Complexo Esportivo e a reforma do Aer\u00f3dromo local. Convidado pelo gabinete do governador, o prefeito Rodrigo Hagge (MDB) dever\u00e1 se fazer presente no evento, representando o principal munic\u00edpio do M\u00e9dio Sudoeste [&hellip;]<\/p>\n","protected":false},"author":2,"featured_media":112299,"comment_status":"closed","ping_status":"open","sticky":false,"template":"","format":"standard","meta":{"footnotes":"","_links_to":"","_links_to_target":""},"categories":[1],"tags":[],"class_list":["post-112297","post","type-post","status-publish","format-standard","has-post-thumbnail","hentry","category-geral"],"views":1189,"_links":{"self":[{"href":"https:\/\/www.sudoestehoje.com.br\/novoportal\/wp-json\/wp\/v2\/posts\/112297","targetHints":{"allow":["GET"]}}],"collection":[{"href":"https:\/\/www.sudoestehoje.com.br\/novoportal\/wp-json\/wp\/v2\/posts"}],"about":[{"href":"https:\/\/www.sudoestehoje.com.br\/novoportal\/wp-json\/wp\/v2\/types\/post"}],"author":[{"embeddable":true,"href":"https:\/\/www.sudoestehoje.com.br\/novoportal\/wp-json\/wp\/v2\/users\/2"}],"replies":[{"embeddable":true,"href":"https:\/\/www.sudoestehoje.com.br\/novoportal\/wp-json\/wp\/v2\/comments?post=112297"}],"version-history":[{"count":4,"href":"https:\/\/www.sudoestehoje.com.br\/novoportal\/wp-json\/wp\/v2\/posts\/112297\/revisions"}],"predecessor-version":[{"id":112303,"href":"https:\/\/www.sudoestehoje.com.br\/novoportal\/wp-json\/wp\/v2\/posts\/112297\/revisions\/112303"}],"wp:featuredmedia":[{"embeddable":true,"href":"https:\/\/www.sudoestehoje.com.br\/novoportal\/wp-json\/wp\/v2\/media\/112299"}],"wp:attachment":[{"href":"https:\/\/www.sudoestehoje.com.br\/novoportal\/wp-json\/wp\/v2\/media?parent=112297"}],"wp:term":[{"taxonomy":"category","embeddable":true,"href":"https:\/\/www.sudoestehoje.com.br\/novoportal\/wp-json\/wp\/v2\/categories?post=112297"},{"taxonomy":"post_tag","embeddable":true,"href":"https:\/\/www.sudoestehoje.com.br\/novoportal\/wp-json\/wp\/v2\/tags?post=112297"}],"curies":[{"name":"wp","href":"https:\/\/api.w.org\/{rel}","templated":true}]}}