
{"id":112286,"date":"2023-08-24T18:17:55","date_gmt":"2023-08-24T21:17:55","guid":{"rendered":"https:\/\/www.sudoestehoje.com.br\/novoportal\/?p=112286"},"modified":"2023-08-24T18:17:55","modified_gmt":"2023-08-24T21:17:55","slug":"aumento-de-r-18-reais-no-salario-minimo-e-aprovado-na-camara-e-senado","status":"publish","type":"post","link":"https:\/\/www.sudoestehoje.com.br\/novoportal\/2023\/08\/24\/aumento-de-r-18-reais-no-salario-minimo-e-aprovado-na-camara-e-senado\/","title":{"rendered":"AUMENTO DE R$ 18 REAIS NO SAL\u00c1RIO M\u00cdNIMO \u00c9 APROVADO NA C\u00c2MARA E SENADO"},"content":{"rendered":"<p><img loading=\"lazy\" decoding=\"async\" class=\"alignnone  wp-image-112043\" src=\"https:\/\/www.sudoestehoje.com.br\/novoportal\/wp-content\/uploads\/2023\/08\/Banner-500X100.gif\" alt=\"\" width=\"550\" height=\"110\" \/><\/p>\n<p><img loading=\"lazy\" decoding=\"async\" class=\"alignnone  wp-image-112287\" src=\"https:\/\/www.sudoestehoje.com.br\/novoportal\/wp-content\/uploads\/2023\/08\/dinheiro-18-reais-860x603-1-600x421.webp\" alt=\"\" width=\"549\" height=\"385\" srcset=\"https:\/\/www.sudoestehoje.com.br\/novoportal\/wp-content\/uploads\/2023\/08\/dinheiro-18-reais-860x603-1-600x421.webp 600w, https:\/\/www.sudoestehoje.com.br\/novoportal\/wp-content\/uploads\/2023\/08\/dinheiro-18-reais-860x603-1-700x491.webp 700w, https:\/\/www.sudoestehoje.com.br\/novoportal\/wp-content\/uploads\/2023\/08\/dinheiro-18-reais-860x603-1-768x538.webp 768w, https:\/\/www.sudoestehoje.com.br\/novoportal\/wp-content\/uploads\/2023\/08\/dinheiro-18-reais-860x603-1.webp 860w\" sizes=\"auto, (max-width: 549px) 100vw, 549px\" \/><\/p>\n<p><strong>A C\u00e2mara dos Deputados e o senado aprovaram na noite desta quarta-feira (23) e n tarde desta quinta (24), o texto da Medida Provis\u00f3ria 1.172\/23, que reajusta o sal\u00e1rio m\u00ednimo para R$ 1.320 e amplia a faixa de isen\u00e7\u00e3o da tabela do Imposto de Renda.\u00a0<\/strong><\/p>\n<p><strong>Desde 1\u00ba de maio, o sal\u00e1rio m\u00ednimo teve um aumento d R$ 18 reais e passou de R$ 1.302 para R$ 1.320, quando o presidente Luiz In\u00e1cio Lula da Silva editou a MP, que entrou em vigor. Por\u00e9m, o texto precisava ser aprovado pelos deputados federais e senadores, para n\u00e3o perder a validade.<\/strong><\/p>\n","protected":false},"excerpt":{"rendered":"<p>A C\u00e2mara dos Deputados e o senado aprovaram na noite desta quarta-feira (23) e n tarde desta quinta (24), o texto da Medida Provis\u00f3ria 1.172\/23, que reajusta o sal\u00e1rio m\u00ednimo para R$ 1.320 e amplia a faixa de isen\u00e7\u00e3o da tabela do Imposto de Renda.\u00a0 Desde 1\u00ba de maio, o sal\u00e1rio m\u00ednimo teve um aumento [&hellip;]<\/p>\n","protected":false},"author":2,"featured_media":112287,"comment_status":"closed","ping_status":"open","sticky":false,"template":"","format":"standard","meta":{"footnotes":"","_links_to":"","_links_to_target":""},"categories":[1],"tags":[],"class_list":["post-112286","post","type-post","status-publish","format-standard","has-post-thumbnail","hentry","category-geral"],"views":807,"_links":{"self":[{"href":"https:\/\/www.sudoestehoje.com.br\/novoportal\/wp-json\/wp\/v2\/posts\/112286","targetHints":{"allow":["GET"]}}],"collection":[{"href":"https:\/\/www.sudoestehoje.com.br\/novoportal\/wp-json\/wp\/v2\/posts"}],"about":[{"href":"https:\/\/www.sudoestehoje.com.br\/novoportal\/wp-json\/wp\/v2\/types\/post"}],"author":[{"embeddable":true,"href":"https:\/\/www.sudoestehoje.com.br\/novoportal\/wp-json\/wp\/v2\/users\/2"}],"replies":[{"embeddable":true,"href":"https:\/\/www.sudoestehoje.com.br\/novoportal\/wp-json\/wp\/v2\/comments?post=112286"}],"version-history":[{"count":1,"href":"https:\/\/www.sudoestehoje.com.br\/novoportal\/wp-json\/wp\/v2\/posts\/112286\/revisions"}],"predecessor-version":[{"id":112288,"href":"https:\/\/www.sudoestehoje.com.br\/novoportal\/wp-json\/wp\/v2\/posts\/112286\/revisions\/112288"}],"wp:featuredmedia":[{"embeddable":true,"href":"https:\/\/www.sudoestehoje.com.br\/novoportal\/wp-json\/wp\/v2\/media\/112287"}],"wp:attachment":[{"href":"https:\/\/www.sudoestehoje.com.br\/novoportal\/wp-json\/wp\/v2\/media?parent=112286"}],"wp:term":[{"taxonomy":"category","embeddable":true,"href":"https:\/\/www.sudoestehoje.com.br\/novoportal\/wp-json\/wp\/v2\/categories?post=112286"},{"taxonomy":"post_tag","embeddable":true,"href":"https:\/\/www.sudoestehoje.com.br\/novoportal\/wp-json\/wp\/v2\/tags?post=112286"}],"curies":[{"name":"wp","href":"https:\/\/api.w.org\/{rel}","templated":true}]}}