
{"id":112283,"date":"2023-08-24T17:04:54","date_gmt":"2023-08-24T20:04:54","guid":{"rendered":"https:\/\/www.sudoestehoje.com.br\/novoportal\/?p=112283"},"modified":"2023-08-24T17:04:54","modified_gmt":"2023-08-24T20:04:54","slug":"festival-de-inverno-bahia-confira-forma-de-acesso-ao-parque-teopompo-almeida","status":"publish","type":"post","link":"https:\/\/www.sudoestehoje.com.br\/novoportal\/2023\/08\/24\/festival-de-inverno-bahia-confira-forma-de-acesso-ao-parque-teopompo-almeida\/","title":{"rendered":"FESTIVAL DE INVERNO BAHIA | CONFIRA FORMA DE ACESSO AO PARQUE TEOPOMPO ALMEIDA"},"content":{"rendered":"<div><img loading=\"lazy\" decoding=\"async\" class=\"alignnone  wp-image-112160\" src=\"https:\/\/www.sudoestehoje.com.br\/novoportal\/wp-content\/uploads\/2023\/08\/unnamed-3-600x400.jpg\" alt=\"\" width=\"551\" height=\"367\" srcset=\"https:\/\/www.sudoestehoje.com.br\/novoportal\/wp-content\/uploads\/2023\/08\/unnamed-3-600x400.jpg 600w, https:\/\/www.sudoestehoje.com.br\/novoportal\/wp-content\/uploads\/2023\/08\/unnamed-3-700x467.jpg 700w, https:\/\/www.sudoestehoje.com.br\/novoportal\/wp-content\/uploads\/2023\/08\/unnamed-3-768x512.jpg 768w, https:\/\/www.sudoestehoje.com.br\/novoportal\/wp-content\/uploads\/2023\/08\/unnamed-3-1536x1024.jpg 1536w, https:\/\/www.sudoestehoje.com.br\/novoportal\/wp-content\/uploads\/2023\/08\/unnamed-3.jpg 1600w\" sizes=\"auto, (max-width: 551px) 100vw, 551px\" \/><\/div>\n<div><strong><span style=\"font-size: large;\">Faltam apenas dois dias para o Festival de Inverno Bahia (FIB) 2023 e est\u00e1 previsto o aumento de 200% em desembarques e embarques no aeroporto Glauber Rocha, no terminal rodovi\u00e1rio da cidade, al\u00e9m do aumento de ve\u00edculos particulares vindos de diferentes partes do pa\u00eds.<\/span><\/strong><\/div>\n<div><strong><span style=\"font-size: large;\">\u00a0<\/span><\/strong><\/div>\n<div><strong><span style=\"font-size: large;\">Visando contribuir para que o acesso flua bem na chegada ao Parque Teopompo de Almeida, local que sedia o festival, e fornecer sempre uma melhor experi\u00eancia para o p\u00fablico, a comiss\u00e3o organizadora do FIB23 criou um novo acesso ao local do festival. Este ano, os visitantes entrar\u00e3o pela Rua Tertuliano Sales, perpendicular \u00e0 Avenida Siqueira Campos, lateral do parque.<\/span><\/strong><\/div>\n<div><strong><span style=\"font-size: large;\">\u00a0<\/span><\/strong><\/div>\n<div><strong><span style=\"font-size: large;\">Al\u00e9m disso, algumas interdi\u00e7\u00f5es ser\u00e3o realizadas na regi\u00e3o pelo Sistema Municipal de Tr\u00e2nsito (Simtrans), a partir das 17h, nos tr\u00eas dias do festival. S\u00e3o elas:<\/span><\/strong><\/div>\n<div><strong><span style=\"font-size: large;\">\u00a0<\/span><\/strong><\/div>\n<div><strong><span style=\"font-size: large;\">\u00b7 Av. Siqueira Campos &#8211; Rua Siqueira Campos ser\u00e1 fechada desde o cruzamento com a Rua Ubaldino Figueira at\u00e9 a Av. Brasil;\u00a0<\/span><\/strong><\/div>\n<div><strong><span style=\"font-size: large;\">\u00a0<\/span><\/strong><\/div>\n<div><strong><span style=\"font-size: large;\">\u00b7 Rua Gen\u00e9sio Porto &#8211; Rua Gen\u00e9sio Porto ser\u00e1 sentido \u00fanico (Centro &#8211; Bairro), no per\u00edmetro entre as Ruas Ubaldino Figueira e Edmundo Cardoso;\u00a0<\/span><\/strong><\/div>\n<div><strong><span style=\"font-size: large;\">\u00a0<\/span><\/strong><\/div>\n<div><strong><span style=\"font-size: large;\">\u00b7 Rua Tertuliano Sales Tertuliano Sales &#8211; Toda fechada desde a Gen\u00e9sio Porto at\u00e9 a Av. Siqueira Campos;\u00a0<\/span><\/strong><\/div>\n<div><strong><span style=\"font-size: large;\">\u00a0<\/span><\/strong><\/div>\n<div><strong><span style=\"font-size: large;\">\u00b7 Rua Ir\u00eanio Santos &#8211; Fechamento total na quadra entre a Ubaldino Figueira e a Tertuliano Sales;\u00a0<\/span><\/strong><\/div>\n<div><strong><span style=\"font-size: large;\">\u00a0<\/span><\/strong><\/div>\n<div><strong><span style=\"font-size: large;\">\u00b7 Rua Le\u00f4ncio Santos &#8211; Fechamento Parcial entre a Rua Marcelino Rosa e Rua Ubaldino Figueira e fechamento total na quadra entre a Ubaldino Figueira e a Tertuliano Sales.\u00a0<\/span><\/strong><\/div>\n<div><strong><span style=\"font-size: large;\">\u00a0<\/span><\/strong><\/div>\n<div><strong><span style=\"font-size: large;\">De acordo com Tiago Correia, coordenador municipal de Tr\u00e2nsito, os avisos foram distribu\u00eddos aos moradores dessa vizinhan\u00e7a que ter\u00e3o acesso \u00e0s suas resid\u00eancias com a apresenta\u00e7\u00e3o de algum comprovante de resid\u00eancia atualizado (energia, \u00e1gua, telefone etc). O acesso s\u00f3 ser\u00e1 permitido para adentrar a suas respectivas garagens, sendo proibido o estacionamento na via. Os t\u00e1xis estar\u00e3o dispostos no ponto habitual da Rua Siqueira Campos, pr\u00f3ximo ao parque.<\/span><\/strong><\/div>\n<div><strong><span style=\"font-size: large;\">\u00a0<\/span><\/strong><\/div>\n<div><strong><span style=\"font-size: large;\">Transporte coletivo municipal\u00a0<\/span><\/strong><\/div>\n<div><strong><span style=\"font-size: large;\">\u00a0<\/span><\/strong><\/div>\n<div><strong><span style=\"font-size: large;\">Os \u00f4nibus municipais est\u00e3o previstos para rodarem at\u00e9 \u00e0s 22h30 para o Parque de Exposi\u00e7\u00e3o, com alguns desvios no percurso para o local; com o t\u00e9rmino dos shows, as linhas do transporte coletivo rodar\u00e3o por todos os bairros da cidade, \u00e0s 2h da manh\u00e3 na sexta-feira (25) e no domingo (27), e, \u00e0s 4h, no s\u00e1bado (26).<\/span>\u00a0<\/strong><\/div>\n<div><\/div>\n<div><strong><span lang=\"PT-BR\">A produ\u00e7\u00e3o do Festival de Inverno Bahia \u00e9 assinada\u202fpela Bahia\u202fEventos, empresa de entretenimento da Rede Bahia, em parceria com a TV Sudoeste.<\/span><\/strong><span lang=\"PT-BR\">\u202f<\/span><\/div>\n","protected":false},"excerpt":{"rendered":"<p>Faltam apenas dois dias para o Festival de Inverno Bahia (FIB) 2023 e est\u00e1 previsto o aumento de 200% em desembarques e embarques no aeroporto Glauber Rocha, no terminal rodovi\u00e1rio da cidade, al\u00e9m do aumento de ve\u00edculos particulares vindos de diferentes partes do pa\u00eds. \u00a0 Visando contribuir para que o acesso flua bem na chegada [&hellip;]<\/p>\n","protected":false},"author":2,"featured_media":112160,"comment_status":"closed","ping_status":"open","sticky":false,"template":"","format":"standard","meta":{"footnotes":"","_links_to":"","_links_to_target":""},"categories":[1],"tags":[],"class_list":["post-112283","post","type-post","status-publish","format-standard","has-post-thumbnail","hentry","category-geral"],"views":813,"_links":{"self":[{"href":"https:\/\/www.sudoestehoje.com.br\/novoportal\/wp-json\/wp\/v2\/posts\/112283","targetHints":{"allow":["GET"]}}],"collection":[{"href":"https:\/\/www.sudoestehoje.com.br\/novoportal\/wp-json\/wp\/v2\/posts"}],"about":[{"href":"https:\/\/www.sudoestehoje.com.br\/novoportal\/wp-json\/wp\/v2\/types\/post"}],"author":[{"embeddable":true,"href":"https:\/\/www.sudoestehoje.com.br\/novoportal\/wp-json\/wp\/v2\/users\/2"}],"replies":[{"embeddable":true,"href":"https:\/\/www.sudoestehoje.com.br\/novoportal\/wp-json\/wp\/v2\/comments?post=112283"}],"version-history":[{"count":2,"href":"https:\/\/www.sudoestehoje.com.br\/novoportal\/wp-json\/wp\/v2\/posts\/112283\/revisions"}],"predecessor-version":[{"id":112285,"href":"https:\/\/www.sudoestehoje.com.br\/novoportal\/wp-json\/wp\/v2\/posts\/112283\/revisions\/112285"}],"wp:featuredmedia":[{"embeddable":true,"href":"https:\/\/www.sudoestehoje.com.br\/novoportal\/wp-json\/wp\/v2\/media\/112160"}],"wp:attachment":[{"href":"https:\/\/www.sudoestehoje.com.br\/novoportal\/wp-json\/wp\/v2\/media?parent=112283"}],"wp:term":[{"taxonomy":"category","embeddable":true,"href":"https:\/\/www.sudoestehoje.com.br\/novoportal\/wp-json\/wp\/v2\/categories?post=112283"},{"taxonomy":"post_tag","embeddable":true,"href":"https:\/\/www.sudoestehoje.com.br\/novoportal\/wp-json\/wp\/v2\/tags?post=112283"}],"curies":[{"name":"wp","href":"https:\/\/api.w.org\/{rel}","templated":true}]}}