
{"id":112274,"date":"2023-08-24T10:51:47","date_gmt":"2023-08-24T13:51:47","guid":{"rendered":"https:\/\/www.sudoestehoje.com.br\/novoportal\/?p=112274"},"modified":"2023-08-24T10:51:47","modified_gmt":"2023-08-24T13:51:47","slug":"correios-aprovam-estado-de-greve-e-podem-parar-por-tempo-indeterminado","status":"publish","type":"post","link":"https:\/\/www.sudoestehoje.com.br\/novoportal\/2023\/08\/24\/correios-aprovam-estado-de-greve-e-podem-parar-por-tempo-indeterminado\/","title":{"rendered":"CORREIOS APROVAM ESTADO DE GREVE E PODEM PARAR POR TEMPO INDETERMINADO"},"content":{"rendered":"<p><img loading=\"lazy\" decoding=\"async\" class=\"alignnone  wp-image-112043\" src=\"https:\/\/www.sudoestehoje.com.br\/novoportal\/wp-content\/uploads\/2023\/08\/Banner-500X100.gif\" alt=\"\" width=\"550\" height=\"110\" \/><\/p>\n<p><img loading=\"lazy\" decoding=\"async\" class=\"alignnone  wp-image-112275\" src=\"https:\/\/www.sudoestehoje.com.br\/novoportal\/wp-content\/uploads\/2023\/08\/correios-600x360.jpg\" alt=\"\" width=\"550\" height=\"330\" srcset=\"https:\/\/www.sudoestehoje.com.br\/novoportal\/wp-content\/uploads\/2023\/08\/correios-600x360.jpg 600w, https:\/\/www.sudoestehoje.com.br\/novoportal\/wp-content\/uploads\/2023\/08\/correios-700x420.jpg 700w, https:\/\/www.sudoestehoje.com.br\/novoportal\/wp-content\/uploads\/2023\/08\/correios-768x461.jpg 768w, https:\/\/www.sudoestehoje.com.br\/novoportal\/wp-content\/uploads\/2023\/08\/correios.jpg 960w\" sizes=\"auto, (max-width: 550px) 100vw, 550px\" \/><\/p>\n<p><strong>Em assembleia realizada na \u00faltima ter\u00e7a-feira (22), sindicatos ligados aos servidores dos Correios deliberaram e declararam &#8216;estado de greve&#8217; at\u00e9 o dia 12 de setembro, podendo paralisar todas as atividades, por tempo indeterminado, a qualquer momento.<\/strong><\/p>\n<p><strong>Na pauta, os trabalhadores cobram reposi\u00e7\u00f5es de perdas salariais nos \u00faltimos anos e realiza\u00e7\u00e3o de concurso p\u00fablico, tendo em vista a sobrecarga de trabalho dos profissionais que atuam nas ag\u00eancias em todo pa\u00eds.<\/strong><\/p>\n","protected":false},"excerpt":{"rendered":"<p>Em assembleia realizada na \u00faltima ter\u00e7a-feira (22), sindicatos ligados aos servidores dos Correios deliberaram e declararam &#8216;estado de greve&#8217; at\u00e9 o dia 12 de setembro, podendo paralisar todas as atividades, por tempo indeterminado, a qualquer momento. Na pauta, os trabalhadores cobram reposi\u00e7\u00f5es de perdas salariais nos \u00faltimos anos e realiza\u00e7\u00e3o de concurso p\u00fablico, tendo em [&hellip;]<\/p>\n","protected":false},"author":2,"featured_media":112275,"comment_status":"closed","ping_status":"open","sticky":false,"template":"","format":"standard","meta":{"footnotes":"","_links_to":"","_links_to_target":""},"categories":[1],"tags":[],"class_list":["post-112274","post","type-post","status-publish","format-standard","has-post-thumbnail","hentry","category-geral"],"views":879,"_links":{"self":[{"href":"https:\/\/www.sudoestehoje.com.br\/novoportal\/wp-json\/wp\/v2\/posts\/112274","targetHints":{"allow":["GET"]}}],"collection":[{"href":"https:\/\/www.sudoestehoje.com.br\/novoportal\/wp-json\/wp\/v2\/posts"}],"about":[{"href":"https:\/\/www.sudoestehoje.com.br\/novoportal\/wp-json\/wp\/v2\/types\/post"}],"author":[{"embeddable":true,"href":"https:\/\/www.sudoestehoje.com.br\/novoportal\/wp-json\/wp\/v2\/users\/2"}],"replies":[{"embeddable":true,"href":"https:\/\/www.sudoestehoje.com.br\/novoportal\/wp-json\/wp\/v2\/comments?post=112274"}],"version-history":[{"count":1,"href":"https:\/\/www.sudoestehoje.com.br\/novoportal\/wp-json\/wp\/v2\/posts\/112274\/revisions"}],"predecessor-version":[{"id":112276,"href":"https:\/\/www.sudoestehoje.com.br\/novoportal\/wp-json\/wp\/v2\/posts\/112274\/revisions\/112276"}],"wp:featuredmedia":[{"embeddable":true,"href":"https:\/\/www.sudoestehoje.com.br\/novoportal\/wp-json\/wp\/v2\/media\/112275"}],"wp:attachment":[{"href":"https:\/\/www.sudoestehoje.com.br\/novoportal\/wp-json\/wp\/v2\/media?parent=112274"}],"wp:term":[{"taxonomy":"category","embeddable":true,"href":"https:\/\/www.sudoestehoje.com.br\/novoportal\/wp-json\/wp\/v2\/categories?post=112274"},{"taxonomy":"post_tag","embeddable":true,"href":"https:\/\/www.sudoestehoje.com.br\/novoportal\/wp-json\/wp\/v2\/tags?post=112274"}],"curies":[{"name":"wp","href":"https:\/\/api.w.org\/{rel}","templated":true}]}}