
{"id":112270,"date":"2023-08-24T10:11:06","date_gmt":"2023-08-24T13:11:06","guid":{"rendered":"https:\/\/www.sudoestehoje.com.br\/novoportal\/?p=112270"},"modified":"2023-08-24T10:11:06","modified_gmt":"2023-08-24T13:11:06","slug":"acidente-entre-caminhoes-carreta-e-carro-de-passeio-trava-br-101-em-santo-antonio","status":"publish","type":"post","link":"https:\/\/www.sudoestehoje.com.br\/novoportal\/2023\/08\/24\/acidente-entre-caminhoes-carreta-e-carro-de-passeio-trava-br-101-em-santo-antonio\/","title":{"rendered":"ACIDENTE ENTRE CAMINH\u00d5ES, CARRETA E CARRO DE PASSEIO TRAVA BR-101 EM SANTO ANT\u00d4NIO"},"content":{"rendered":"<p><img loading=\"lazy\" decoding=\"async\" class=\"alignnone  wp-image-112043\" src=\"https:\/\/www.sudoestehoje.com.br\/novoportal\/wp-content\/uploads\/2023\/08\/Banner-500X100.gif\" alt=\"\" width=\"550\" height=\"110\" \/><\/p>\n<p><img loading=\"lazy\" decoding=\"async\" class=\"alignnone  wp-image-112271\" src=\"https:\/\/www.sudoestehoje.com.br\/novoportal\/wp-content\/uploads\/2023\/08\/2-22-768x463-1-600x362.webp\" alt=\"\" width=\"550\" height=\"332\" srcset=\"https:\/\/www.sudoestehoje.com.br\/novoportal\/wp-content\/uploads\/2023\/08\/2-22-768x463-1-600x362.webp 600w, https:\/\/www.sudoestehoje.com.br\/novoportal\/wp-content\/uploads\/2023\/08\/2-22-768x463-1-700x422.webp 700w, https:\/\/www.sudoestehoje.com.br\/novoportal\/wp-content\/uploads\/2023\/08\/2-22-768x463-1.webp 768w\" sizes=\"auto, (max-width: 550px) 100vw, 550px\" \/><\/p>\n<p><strong>V\u00e1rios ve\u00edculos se envolveram em um acidente na tarde desta quarta-feira (23) na Rodovia BR-101, trecho do munic\u00edpio de Santo Antonio de Jesus, no Rec\u00f4ncavo baiano.<\/strong><\/p>\n<p><strong>Apesar da gravidade do acidente, que t\u00e3o logo registrado repercutiu nas redes socais, n\u00e3o houve v\u00edtima fatal na colis\u00e3o, segundo confirmou \u00e0 Pol\u00edcia Rodovi\u00e1ria Federal, que teria envolvido uma carreta bitrem, um caminh\u00e3o e ve\u00edculos de passeio. <\/strong><\/p>\n<p><strong>Os ocupantes n\u00e3o sofreram les\u00f5es graves. A BR-101 foi interditada e muitos usu\u00e1rios do trecho utilizaram vias rurais para o desvio.<\/strong><\/p>\n","protected":false},"excerpt":{"rendered":"<p>V\u00e1rios ve\u00edculos se envolveram em um acidente na tarde desta quarta-feira (23) na Rodovia BR-101, trecho do munic\u00edpio de Santo Antonio de Jesus, no Rec\u00f4ncavo baiano. Apesar da gravidade do acidente, que t\u00e3o logo registrado repercutiu nas redes socais, n\u00e3o houve v\u00edtima fatal na colis\u00e3o, segundo confirmou \u00e0 Pol\u00edcia Rodovi\u00e1ria Federal, que teria envolvido uma [&hellip;]<\/p>\n","protected":false},"author":2,"featured_media":112271,"comment_status":"closed","ping_status":"open","sticky":false,"template":"","format":"standard","meta":{"footnotes":"","_links_to":"","_links_to_target":""},"categories":[1],"tags":[],"class_list":["post-112270","post","type-post","status-publish","format-standard","has-post-thumbnail","hentry","category-geral"],"views":954,"_links":{"self":[{"href":"https:\/\/www.sudoestehoje.com.br\/novoportal\/wp-json\/wp\/v2\/posts\/112270","targetHints":{"allow":["GET"]}}],"collection":[{"href":"https:\/\/www.sudoestehoje.com.br\/novoportal\/wp-json\/wp\/v2\/posts"}],"about":[{"href":"https:\/\/www.sudoestehoje.com.br\/novoportal\/wp-json\/wp\/v2\/types\/post"}],"author":[{"embeddable":true,"href":"https:\/\/www.sudoestehoje.com.br\/novoportal\/wp-json\/wp\/v2\/users\/2"}],"replies":[{"embeddable":true,"href":"https:\/\/www.sudoestehoje.com.br\/novoportal\/wp-json\/wp\/v2\/comments?post=112270"}],"version-history":[{"count":2,"href":"https:\/\/www.sudoestehoje.com.br\/novoportal\/wp-json\/wp\/v2\/posts\/112270\/revisions"}],"predecessor-version":[{"id":112273,"href":"https:\/\/www.sudoestehoje.com.br\/novoportal\/wp-json\/wp\/v2\/posts\/112270\/revisions\/112273"}],"wp:featuredmedia":[{"embeddable":true,"href":"https:\/\/www.sudoestehoje.com.br\/novoportal\/wp-json\/wp\/v2\/media\/112271"}],"wp:attachment":[{"href":"https:\/\/www.sudoestehoje.com.br\/novoportal\/wp-json\/wp\/v2\/media?parent=112270"}],"wp:term":[{"taxonomy":"category","embeddable":true,"href":"https:\/\/www.sudoestehoje.com.br\/novoportal\/wp-json\/wp\/v2\/categories?post=112270"},{"taxonomy":"post_tag","embeddable":true,"href":"https:\/\/www.sudoestehoje.com.br\/novoportal\/wp-json\/wp\/v2\/tags?post=112270"}],"curies":[{"name":"wp","href":"https:\/\/api.w.org\/{rel}","templated":true}]}}