
{"id":112264,"date":"2023-08-23T20:07:06","date_gmt":"2023-08-23T23:07:06","guid":{"rendered":"https:\/\/www.sudoestehoje.com.br\/novoportal\/?p=112264"},"modified":"2023-08-23T20:15:21","modified_gmt":"2023-08-23T23:15:21","slug":"querem-votar-os-precatorios-dos-professores-na-calada-da-noite-denuncia-lider-da-oposicao-na-alba","status":"publish","type":"post","link":"https:\/\/www.sudoestehoje.com.br\/novoportal\/2023\/08\/23\/querem-votar-os-precatorios-dos-professores-na-calada-da-noite-denuncia-lider-da-oposicao-na-alba\/","title":{"rendered":"&#8220;QUEREM VOTAR OS PRECAT\u00d3RIOS DOS PROFESSORES NA CALADA DA NOITE&#8221;, DENUNCIA L\u00cdDER DA OPOSI\u00c7\u00c3O NA ALBA"},"content":{"rendered":"<p><img loading=\"lazy\" decoding=\"async\" class=\"alignnone wp-image-112043\" src=\"https:\/\/www.sudoestehoje.com.br\/novoportal\/wp-content\/uploads\/2023\/08\/Banner-500X100.gif\" alt=\"\" width=\"550\" height=\"110\" \/><\/p>\n<p><img loading=\"lazy\" decoding=\"async\" class=\"alignnone wp-image-112266\" src=\"https:\/\/www.sudoestehoje.com.br\/novoportal\/wp-content\/uploads\/2023\/08\/Deputado-estadual-Alan-Sanches-Uniao-Brasil-20220221-600x400.webp\" alt=\"\" width=\"549\" height=\"366\" srcset=\"https:\/\/www.sudoestehoje.com.br\/novoportal\/wp-content\/uploads\/2023\/08\/Deputado-estadual-Alan-Sanches-Uniao-Brasil-20220221-600x400.webp 600w, https:\/\/www.sudoestehoje.com.br\/novoportal\/wp-content\/uploads\/2023\/08\/Deputado-estadual-Alan-Sanches-Uniao-Brasil-20220221-700x467.webp 700w, https:\/\/www.sudoestehoje.com.br\/novoportal\/wp-content\/uploads\/2023\/08\/Deputado-estadual-Alan-Sanches-Uniao-Brasil-20220221-768x512.webp 768w, https:\/\/www.sudoestehoje.com.br\/novoportal\/wp-content\/uploads\/2023\/08\/Deputado-estadual-Alan-Sanches-Uniao-Brasil-20220221-1536x1024.webp 1536w, https:\/\/www.sudoestehoje.com.br\/novoportal\/wp-content\/uploads\/2023\/08\/Deputado-estadual-Alan-Sanches-Uniao-Brasil-20220221-2048x1365.webp 2048w\" sizes=\"auto, (max-width: 549px) 100vw, 549px\" \/><\/p>\n<p><strong>O deputado estadual Alan Sanches (Uni\u00e3o Brasil), l\u00edder da bancada da oposi\u00e7\u00e3o na Assembleia Legislativa da Bahia (AL-BA), classificou como absurda a manobra do governo do Estado para tentar aprovar o projeto de lei que trata dos precat\u00f3rios do Fundef em uma sess\u00e3o extraordin\u00e1ria marcada para a noite dessa quinta-feira (24). A convoca\u00e7\u00e3o foi publicada no Di\u00e1rio Oficial desta quarta (23).<\/strong><\/p>\n<p><strong><em>\u201cQuerem votar os precat\u00f3rios dos professores na calada da noite, mas n\u00f3s da oposi\u00e7\u00e3o n\u00e3o compactuamos com isso. Uma vota\u00e7\u00e3o dessa magnitude que afeta a vida de milhares de pessoas n\u00e3o pode acontecer dessa forma, sem discuss\u00e3o, sem transpar\u00eancia, com o governo querendo passar o rolo compressor sobre o direito dos trabalhadores da educa\u00e7\u00e3o\u201d,<\/em>\u00a0afirma Alan Sanches, ao reiterar n\u00e3o formalizou nenhum acordo para a realiza\u00e7\u00e3o da sess\u00e3o.<\/strong><\/p>\n<p><strong><em>\u201cN\u00e3o fizemos nem faremos acordo. O dinheiro dos precat\u00f3rios pertence aos professores com direito a juros e corre\u00e7\u00e3o. O governo do PT s\u00f3 tem discurso, porque na hora de favorecer a categoria ele vira as costas. N\u00e3o compactuamos com isso\u201d,<\/em>\u00a0reitera o l\u00edder da oposi\u00e7\u00e3o.<\/strong><\/p>\n<p><strong>Al\u00e9m dos precat\u00f3rios, a bancada do governo articula aprovar um empr\u00e9stimo de R$ 400 milh\u00f5es que o governador Jer\u00f4nimo Rodrigues (PT) quer contrair na Caixa Econ\u00f4mica Federal.<\/strong><\/p>\n<p><strong><em>\u201cMais uma vez, o governo quer votar \u00e0s pressas a autoriza\u00e7\u00e3o de um empr\u00e9stimo milion\u00e1rio que nem mesmo os governistas sabem onde ser\u00e1 aplicado. N\u00e3o houve discuss\u00e3o, nem informa\u00e7\u00e3o detalhada do governo sobre a destina\u00e7\u00e3o dos recursos. \u00c9 um verdadeiro cheque em branco. A oposi\u00e7\u00e3o est\u00e1 denunciando e n\u00e3o compactua com isso\u201d<\/em>, completa Alan Sanches.<\/strong><\/p>\n","protected":false},"excerpt":{"rendered":"<p>O deputado estadual Alan Sanches (Uni\u00e3o Brasil), l\u00edder da bancada da oposi\u00e7\u00e3o na Assembleia Legislativa da Bahia (AL-BA), classificou como absurda a manobra do governo do Estado para tentar aprovar o projeto de lei que trata dos precat\u00f3rios do Fundef em uma sess\u00e3o extraordin\u00e1ria marcada para a noite dessa quinta-feira (24). A convoca\u00e7\u00e3o foi publicada [&hellip;]<\/p>\n","protected":false},"author":2,"featured_media":112266,"comment_status":"closed","ping_status":"open","sticky":false,"template":"","format":"standard","meta":{"footnotes":"","_links_to":"","_links_to_target":""},"categories":[1],"tags":[],"class_list":["post-112264","post","type-post","status-publish","format-standard","has-post-thumbnail","hentry","category-geral"],"views":878,"_links":{"self":[{"href":"https:\/\/www.sudoestehoje.com.br\/novoportal\/wp-json\/wp\/v2\/posts\/112264","targetHints":{"allow":["GET"]}}],"collection":[{"href":"https:\/\/www.sudoestehoje.com.br\/novoportal\/wp-json\/wp\/v2\/posts"}],"about":[{"href":"https:\/\/www.sudoestehoje.com.br\/novoportal\/wp-json\/wp\/v2\/types\/post"}],"author":[{"embeddable":true,"href":"https:\/\/www.sudoestehoje.com.br\/novoportal\/wp-json\/wp\/v2\/users\/2"}],"replies":[{"embeddable":true,"href":"https:\/\/www.sudoestehoje.com.br\/novoportal\/wp-json\/wp\/v2\/comments?post=112264"}],"version-history":[{"count":4,"href":"https:\/\/www.sudoestehoje.com.br\/novoportal\/wp-json\/wp\/v2\/posts\/112264\/revisions"}],"predecessor-version":[{"id":112269,"href":"https:\/\/www.sudoestehoje.com.br\/novoportal\/wp-json\/wp\/v2\/posts\/112264\/revisions\/112269"}],"wp:featuredmedia":[{"embeddable":true,"href":"https:\/\/www.sudoestehoje.com.br\/novoportal\/wp-json\/wp\/v2\/media\/112266"}],"wp:attachment":[{"href":"https:\/\/www.sudoestehoje.com.br\/novoportal\/wp-json\/wp\/v2\/media?parent=112264"}],"wp:term":[{"taxonomy":"category","embeddable":true,"href":"https:\/\/www.sudoestehoje.com.br\/novoportal\/wp-json\/wp\/v2\/categories?post=112264"},{"taxonomy":"post_tag","embeddable":true,"href":"https:\/\/www.sudoestehoje.com.br\/novoportal\/wp-json\/wp\/v2\/tags?post=112264"}],"curies":[{"name":"wp","href":"https:\/\/api.w.org\/{rel}","templated":true}]}}