
{"id":112260,"date":"2023-08-23T19:49:55","date_gmt":"2023-08-23T22:49:55","guid":{"rendered":"https:\/\/www.sudoestehoje.com.br\/novoportal\/?p=112260"},"modified":"2023-08-23T19:49:55","modified_gmt":"2023-08-23T22:49:55","slug":"lula-omitiu-relogio-avaliado-em-r-80-mil-da-lista-de-presentes-oficiais-diz-jornal","status":"publish","type":"post","link":"https:\/\/www.sudoestehoje.com.br\/novoportal\/2023\/08\/23\/lula-omitiu-relogio-avaliado-em-r-80-mil-da-lista-de-presentes-oficiais-diz-jornal\/","title":{"rendered":"LULA OMITIU REL\u00d3GIO AVALIADO EM R$ 80 MIL DA LISTA DE PRESENTES OFICIAIS,  DIZ JORNAL"},"content":{"rendered":"<p><img loading=\"lazy\" decoding=\"async\" class=\"alignnone  wp-image-112043\" src=\"https:\/\/www.sudoestehoje.com.br\/novoportal\/wp-content\/uploads\/2023\/08\/Banner-500X100.gif\" alt=\"\" width=\"550\" height=\"110\" \/><\/p>\n<p><img loading=\"lazy\" decoding=\"async\" class=\"alignnone  wp-image-112262\" src=\"https:\/\/www.sudoestehoje.com.br\/novoportal\/wp-content\/uploads\/2023\/08\/RELOGIO-LULA-1-600x400.jpg\" alt=\"\" width=\"551\" height=\"367\" srcset=\"https:\/\/www.sudoestehoje.com.br\/novoportal\/wp-content\/uploads\/2023\/08\/RELOGIO-LULA-1-600x400.jpg 600w, https:\/\/www.sudoestehoje.com.br\/novoportal\/wp-content\/uploads\/2023\/08\/RELOGIO-LULA-1-700x467.jpg 700w, https:\/\/www.sudoestehoje.com.br\/novoportal\/wp-content\/uploads\/2023\/08\/RELOGIO-LULA-1.jpg 768w\" sizes=\"auto, (max-width: 551px) 100vw, 551px\" \/><\/p>\n<p><strong>O rel\u00f3gio de pulso da marca Piaget que o presidente Lula utilizou n\u00e3o consta na rela\u00e7\u00e3o oficial de presentes recebidos pela Presid\u00eancia da Rep\u00fablica, conforme reportado pela coluna Painel S.A. do jornal Folha de S\u00e3o Paulo. Avaliada em R$ 80 mil, a pe\u00e7a foi presenteada ao presidente por Jaques Chirac, ent\u00e3o presidente da Fran\u00e7a, em 2009, durante o segundo mandato de Lula.<\/strong><\/p>\n<div class=\"m-banner-wrap m-banner-rectangle m-publicity-content-middle\">\n<div id=\"div-gpt-ad-colunas-paulo-cappelli-quadrado-1\" class=\"ad-quadrado\" data-google-query-id=\"CMOit9ie84ADFZU1uQYd8UUBEw\">\n<p><strong>O documento entregue ao Tribunal de Contas da Uni\u00e3o (TCU) em 2016, relacionando os presentes recebidos por Lula, foi parte de um processo que surgiu quando alguns itens da cole\u00e7\u00e3o pessoal dele e da ex-presidente Dilma Rousseff n\u00e3o puderam ser localizados. Dos 568 itens apresentados, oito foram considerados perdidos, resultando em um ressarcimento de cerca de R$ 11 mil feito pelo ex-presidente. O TCU esclarece que o rel\u00f3gio Piaget n\u00e3o estava inclu\u00eddo nesses itens perdidos.<\/strong><\/p>\n<p><strong>Foi o pr\u00f3prio Lula quem mencionou o presente durante uma transmiss\u00e3o ao vivo semanal intitulada \u201cConversa com o Presidente\u201d, em julho deste ano. Ele relatou ter recebido o rel\u00f3gio durante as celebra\u00e7\u00f5es do Ano do Brasil na Fran\u00e7a e, em algum momento, ter perdido a pe\u00e7a. Posteriormente, ele a encontrou em uma gaveta ap\u00f3s uma mudan\u00e7a e passou a utiliz\u00e1-la, inclusive durante sua campanha eleitoral de 2022.<\/strong><\/p>\n<p><strong>Esse caso tem sido utilizado pelo ex-presidente Jair Bolsonaro para contrapor a controv\u00e9rsia relacionada ao rel\u00f3gio Rolex que recebeu da Ar\u00e1bia Saudita. O modelo, avaliado em R$ 360 mil e adornado com pedras preciosas, foi vendido nos Estados Unidos, mas um advogado ligado \u00e0 fam\u00edlia Bolsonaro, Frederick Wassef, o readquiriu para cumprir uma determina\u00e7\u00e3o do TCU que solicitava a devolu\u00e7\u00e3o do presente.<\/strong><\/p>\n<\/div>\n<\/div>\n","protected":false},"excerpt":{"rendered":"<p>O rel\u00f3gio de pulso da marca Piaget que o presidente Lula utilizou n\u00e3o consta na rela\u00e7\u00e3o oficial de presentes recebidos pela Presid\u00eancia da Rep\u00fablica, conforme reportado pela coluna Painel S.A. do jornal Folha de S\u00e3o Paulo. Avaliada em R$ 80 mil, a pe\u00e7a foi presenteada ao presidente por Jaques Chirac, ent\u00e3o presidente da Fran\u00e7a, em [&hellip;]<\/p>\n","protected":false},"author":2,"featured_media":112262,"comment_status":"closed","ping_status":"open","sticky":false,"template":"","format":"standard","meta":{"footnotes":"","_links_to":"","_links_to_target":""},"categories":[1],"tags":[],"class_list":["post-112260","post","type-post","status-publish","format-standard","has-post-thumbnail","hentry","category-geral"],"views":914,"_links":{"self":[{"href":"https:\/\/www.sudoestehoje.com.br\/novoportal\/wp-json\/wp\/v2\/posts\/112260","targetHints":{"allow":["GET"]}}],"collection":[{"href":"https:\/\/www.sudoestehoje.com.br\/novoportal\/wp-json\/wp\/v2\/posts"}],"about":[{"href":"https:\/\/www.sudoestehoje.com.br\/novoportal\/wp-json\/wp\/v2\/types\/post"}],"author":[{"embeddable":true,"href":"https:\/\/www.sudoestehoje.com.br\/novoportal\/wp-json\/wp\/v2\/users\/2"}],"replies":[{"embeddable":true,"href":"https:\/\/www.sudoestehoje.com.br\/novoportal\/wp-json\/wp\/v2\/comments?post=112260"}],"version-history":[{"count":1,"href":"https:\/\/www.sudoestehoje.com.br\/novoportal\/wp-json\/wp\/v2\/posts\/112260\/revisions"}],"predecessor-version":[{"id":112263,"href":"https:\/\/www.sudoestehoje.com.br\/novoportal\/wp-json\/wp\/v2\/posts\/112260\/revisions\/112263"}],"wp:featuredmedia":[{"embeddable":true,"href":"https:\/\/www.sudoestehoje.com.br\/novoportal\/wp-json\/wp\/v2\/media\/112262"}],"wp:attachment":[{"href":"https:\/\/www.sudoestehoje.com.br\/novoportal\/wp-json\/wp\/v2\/media?parent=112260"}],"wp:term":[{"taxonomy":"category","embeddable":true,"href":"https:\/\/www.sudoestehoje.com.br\/novoportal\/wp-json\/wp\/v2\/categories?post=112260"},{"taxonomy":"post_tag","embeddable":true,"href":"https:\/\/www.sudoestehoje.com.br\/novoportal\/wp-json\/wp\/v2\/tags?post=112260"}],"curies":[{"name":"wp","href":"https:\/\/api.w.org\/{rel}","templated":true}]}}