
{"id":112256,"date":"2023-08-23T19:29:43","date_gmt":"2023-08-23T22:29:43","guid":{"rendered":"https:\/\/www.sudoestehoje.com.br\/novoportal\/?p=112256"},"modified":"2023-08-23T19:29:43","modified_gmt":"2023-08-23T22:29:43","slug":"fundacao-jose-silveira-mpf-e-mpba-debatem-maior-tendencia-de-mercado-da-decada","status":"publish","type":"post","link":"https:\/\/www.sudoestehoje.com.br\/novoportal\/2023\/08\/23\/fundacao-jose-silveira-mpf-e-mpba-debatem-maior-tendencia-de-mercado-da-decada\/","title":{"rendered":"FUNDA\u00c7\u00c3O JOS\u00c9 SILVEIRA, MPF E MPBA DEBATEM MAIOR TEND\u00caNCIA DE MERCADO DA D\u00c9CADA"},"content":{"rendered":"<p><img loading=\"lazy\" decoding=\"async\" class=\"alignnone  wp-image-112043\" src=\"https:\/\/www.sudoestehoje.com.br\/novoportal\/wp-content\/uploads\/2023\/08\/Banner-500X100.gif\" alt=\"\" width=\"550\" height=\"110\" \/><\/p>\n<p><img loading=\"lazy\" decoding=\"async\" class=\"alignnone  wp-image-112258\" src=\"https:\/\/www.sudoestehoje.com.br\/novoportal\/wp-content\/uploads\/2023\/08\/Fundacao-Jose-Silveira.jpg\" alt=\"\" width=\"550\" height=\"385\" \/><\/p>\n<p><strong>A Funda\u00e7\u00e3o Jos\u00e9 Silveira e os minist\u00e9rios p\u00fablicos Federal (MPF) e do Estado da Bahia (MPBA) promoveram na ter\u00e7a-feira (22) o evento \u2018ESG: Di\u00e1logos sobre Sustentabilidade\u2019, cuja programa\u00e7\u00e3o contou com apresenta\u00e7\u00e3o de pain\u00e9is tem\u00e1ticos, com foco em pr\u00e1ticas sustent\u00e1veis para o meio ambiente no contexto das organiza\u00e7\u00f5es p\u00fablicas e privadas.<\/strong><\/p>\n<p><strong>Com o prop\u00f3sito de mudan\u00e7a, Vanessa Previtera, procuradora-chefe do MPF na Bahia, afirmou que \u201cas empresas podem ampliar o olhar para implementar diretrizes ambientais, sociais e de governan\u00e7a, visando uma sociedade melhor para todos.<\/strong><\/p>\n<p><strong>Para Cristina Seixas, promotora de Justi\u00e7a do MPBA, \u201co trabalho de conscientiza\u00e7\u00e3o contribui para o discurso social, pol\u00edtico e econ\u00f4mico que o Brasil necessita para combater as mudan\u00e7as clim\u00e1ticas que se apresentam no dia a dia\u201d.<\/strong><\/p>\n<p><strong>A Funda\u00e7\u00e3o Jos\u00e9 Silveira e o Minist\u00e9rio P\u00fablico s\u00e3o parceiros h\u00e1 25 anos. \u201cTemos um hist\u00f3rico de a\u00e7\u00f5es conjuntas, uma demonstra\u00e7\u00e3o de que trabalhando de m\u00e3os dadas a gente consegue melhores resultados\u201d, afirma Carlos Dumet, superintendente institucional e financeiro da Funda\u00e7\u00e3o.<\/strong><\/p>\n","protected":false},"excerpt":{"rendered":"<p>A Funda\u00e7\u00e3o Jos\u00e9 Silveira e os minist\u00e9rios p\u00fablicos Federal (MPF) e do Estado da Bahia (MPBA) promoveram na ter\u00e7a-feira (22) o evento \u2018ESG: Di\u00e1logos sobre Sustentabilidade\u2019, cuja programa\u00e7\u00e3o contou com apresenta\u00e7\u00e3o de pain\u00e9is tem\u00e1ticos, com foco em pr\u00e1ticas sustent\u00e1veis para o meio ambiente no contexto das organiza\u00e7\u00f5es p\u00fablicas e privadas. Com o prop\u00f3sito de mudan\u00e7a, [&hellip;]<\/p>\n","protected":false},"author":2,"featured_media":112258,"comment_status":"closed","ping_status":"open","sticky":false,"template":"","format":"standard","meta":{"footnotes":"","_links_to":"","_links_to_target":""},"categories":[1],"tags":[],"class_list":["post-112256","post","type-post","status-publish","format-standard","has-post-thumbnail","hentry","category-geral"],"views":655,"_links":{"self":[{"href":"https:\/\/www.sudoestehoje.com.br\/novoportal\/wp-json\/wp\/v2\/posts\/112256","targetHints":{"allow":["GET"]}}],"collection":[{"href":"https:\/\/www.sudoestehoje.com.br\/novoportal\/wp-json\/wp\/v2\/posts"}],"about":[{"href":"https:\/\/www.sudoestehoje.com.br\/novoportal\/wp-json\/wp\/v2\/types\/post"}],"author":[{"embeddable":true,"href":"https:\/\/www.sudoestehoje.com.br\/novoportal\/wp-json\/wp\/v2\/users\/2"}],"replies":[{"embeddable":true,"href":"https:\/\/www.sudoestehoje.com.br\/novoportal\/wp-json\/wp\/v2\/comments?post=112256"}],"version-history":[{"count":2,"href":"https:\/\/www.sudoestehoje.com.br\/novoportal\/wp-json\/wp\/v2\/posts\/112256\/revisions"}],"predecessor-version":[{"id":112259,"href":"https:\/\/www.sudoestehoje.com.br\/novoportal\/wp-json\/wp\/v2\/posts\/112256\/revisions\/112259"}],"wp:featuredmedia":[{"embeddable":true,"href":"https:\/\/www.sudoestehoje.com.br\/novoportal\/wp-json\/wp\/v2\/media\/112258"}],"wp:attachment":[{"href":"https:\/\/www.sudoestehoje.com.br\/novoportal\/wp-json\/wp\/v2\/media?parent=112256"}],"wp:term":[{"taxonomy":"category","embeddable":true,"href":"https:\/\/www.sudoestehoje.com.br\/novoportal\/wp-json\/wp\/v2\/categories?post=112256"},{"taxonomy":"post_tag","embeddable":true,"href":"https:\/\/www.sudoestehoje.com.br\/novoportal\/wp-json\/wp\/v2\/tags?post=112256"}],"curies":[{"name":"wp","href":"https:\/\/api.w.org\/{rel}","templated":true}]}}