
{"id":112254,"date":"2023-08-23T19:10:41","date_gmt":"2023-08-23T22:10:41","guid":{"rendered":"https:\/\/www.sudoestehoje.com.br\/novoportal\/?p=112254"},"modified":"2023-08-23T19:10:41","modified_gmt":"2023-08-23T22:10:41","slug":"terceiro-palco-do-festival-de-inverno-bahia-celebra-o-rock-na-suica-baiana-2","status":"publish","type":"post","link":"https:\/\/www.sudoestehoje.com.br\/novoportal\/2023\/08\/23\/terceiro-palco-do-festival-de-inverno-bahia-celebra-o-rock-na-suica-baiana-2\/","title":{"rendered":"TERCEIRO PALCO DO FESTIVAL DE INVERNO BAHIA CELEBRA O ROCK NA &#8216;SUI\u00c7A BAIANA&#8217;"},"content":{"rendered":"<div><img loading=\"lazy\" decoding=\"async\" class=\"alignnone  wp-image-112239\" src=\"https:\/\/www.sudoestehoje.com.br\/novoportal\/wp-content\/uploads\/2023\/08\/unnamed-600x331.png\" alt=\"\" width=\"549\" height=\"303\" srcset=\"https:\/\/www.sudoestehoje.com.br\/novoportal\/wp-content\/uploads\/2023\/08\/unnamed-600x331.png 600w, https:\/\/www.sudoestehoje.com.br\/novoportal\/wp-content\/uploads\/2023\/08\/unnamed-700x387.png 700w, https:\/\/www.sudoestehoje.com.br\/novoportal\/wp-content\/uploads\/2023\/08\/unnamed-768x424.png 768w, https:\/\/www.sudoestehoje.com.br\/novoportal\/wp-content\/uploads\/2023\/08\/unnamed-1536x849.png 1536w, https:\/\/www.sudoestehoje.com.br\/novoportal\/wp-content\/uploads\/2023\/08\/unnamed.png 1955w\" sizes=\"auto, (max-width: 549px) 100vw, 549px\" \/><\/div>\n<div><strong><span style=\"font-size: large;\">Os apaixonados por Rock and Roll e entusiastas do estilo t\u00eam mais um motivo para n\u00e3o ficarem de fora da 17\u00aa edi\u00e7\u00e3o do Festival de Inverno Bahia (FIB), que acontece entre os dias 25 e 27 de agosto. Com a proposta de resgatar os cl\u00e1ssicos do estilo musical, a Toyota Diamantina assina a Garagem do Rock, terceiro palco do evento, que vai ser recheado de brindes e atra\u00e7\u00f5es.<\/span><\/strong><\/div>\n<div><strong><span style=\"font-size: large;\">\u00a0<\/span><\/strong><\/div>\n<div><strong><span style=\"font-size: large;\">Durante as tr\u00eas noites do festival, quatro bandas se apresentar\u00e3o garantindo quatro horas de show por dia: na sexta-feira (25), a partir das 20h, quem abre a programa\u00e7\u00e3o \u00e9 a banda In The Rocks; na sequ\u00eancia, quem chega \u00e9 a banda Paul &amp; The Moondogs que se apresenta at\u00e9 \u00e0 1h30 da manh\u00e3. No segundo dia do FIB, 26 de agosto, ser\u00e1 a vez da Aquarius Blues Band animar a festa e no domingo (27), a banda Free Bird \u00e9 quem comanda o palco. No s\u00e1bado, o show come\u00e7a \u00e0s 20h e no domingo, \u00e0s 19h.\u00a0<\/span><\/strong><\/div>\n<div><strong><span style=\"font-size: large;\">\u00a0<\/span><\/strong><\/div>\n<div><strong><span style=\"font-size: large;\">\u00a0Muito mais experi\u00eancias<\/span><\/strong><\/div>\n<div><strong><span style=\"font-size: large;\">\u00a0<\/span><\/strong><\/div>\n<div><strong><span style=\"font-size: large;\">Para complementar as noites do #FIB23 no stand da Toyota Diamantina, algumas a\u00e7\u00f5es ser\u00e3o realizadas no local, a exemplo de uma cabine de fotos para impress\u00e3o na hora, na qual voc\u00ea garante sua mem\u00f3ria eternizada.<\/span> \u00a0<\/strong><\/div>\n<div><\/div>\n<div><strong><span lang=\"PT-BR\">A produ\u00e7\u00e3o do Festival de Inverno Bahia \u00e9 assinada\u202fpela Bahia\u202fEventos, empresa de entretenimento da Rede Bahia, em parceria com a TV Sudoeste.<\/span><span lang=\"PT-BR\">\u202f<\/span><\/strong><\/div>\n","protected":false},"excerpt":{"rendered":"<p>Os apaixonados por Rock and Roll e entusiastas do estilo t\u00eam mais um motivo para n\u00e3o ficarem de fora da 17\u00aa edi\u00e7\u00e3o do Festival de Inverno Bahia (FIB), que acontece entre os dias 25 e 27 de agosto. Com a proposta de resgatar os cl\u00e1ssicos do estilo musical, a Toyota Diamantina assina a Garagem do [&hellip;]<\/p>\n","protected":false},"author":2,"featured_media":0,"comment_status":"closed","ping_status":"open","sticky":false,"template":"","format":"standard","meta":{"footnotes":"","_links_to":"","_links_to_target":""},"categories":[1],"tags":[],"class_list":["post-112254","post","type-post","status-publish","format-standard","hentry","category-geral"],"views":1029,"_links":{"self":[{"href":"https:\/\/www.sudoestehoje.com.br\/novoportal\/wp-json\/wp\/v2\/posts\/112254","targetHints":{"allow":["GET"]}}],"collection":[{"href":"https:\/\/www.sudoestehoje.com.br\/novoportal\/wp-json\/wp\/v2\/posts"}],"about":[{"href":"https:\/\/www.sudoestehoje.com.br\/novoportal\/wp-json\/wp\/v2\/types\/post"}],"author":[{"embeddable":true,"href":"https:\/\/www.sudoestehoje.com.br\/novoportal\/wp-json\/wp\/v2\/users\/2"}],"replies":[{"embeddable":true,"href":"https:\/\/www.sudoestehoje.com.br\/novoportal\/wp-json\/wp\/v2\/comments?post=112254"}],"version-history":[{"count":1,"href":"https:\/\/www.sudoestehoje.com.br\/novoportal\/wp-json\/wp\/v2\/posts\/112254\/revisions"}],"predecessor-version":[{"id":112255,"href":"https:\/\/www.sudoestehoje.com.br\/novoportal\/wp-json\/wp\/v2\/posts\/112254\/revisions\/112255"}],"wp:attachment":[{"href":"https:\/\/www.sudoestehoje.com.br\/novoportal\/wp-json\/wp\/v2\/media?parent=112254"}],"wp:term":[{"taxonomy":"category","embeddable":true,"href":"https:\/\/www.sudoestehoje.com.br\/novoportal\/wp-json\/wp\/v2\/categories?post=112254"},{"taxonomy":"post_tag","embeddable":true,"href":"https:\/\/www.sudoestehoje.com.br\/novoportal\/wp-json\/wp\/v2\/tags?post=112254"}],"curies":[{"name":"wp","href":"https:\/\/api.w.org\/{rel}","templated":true}]}}