
{"id":112247,"date":"2023-08-23T16:51:37","date_gmt":"2023-08-23T19:51:37","guid":{"rendered":"https:\/\/www.sudoestehoje.com.br\/novoportal\/?p=112247"},"modified":"2023-08-23T16:51:37","modified_gmt":"2023-08-23T19:51:37","slug":"deputado-pedro-tavares-pede-que-governo-e-operadoras-busquem-solucao-para-perda-de-voos-diretos-entre-salvador-e-as-cidades-de-vitoria-da-conquista-e-ilheus","status":"publish","type":"post","link":"https:\/\/www.sudoestehoje.com.br\/novoportal\/2023\/08\/23\/deputado-pedro-tavares-pede-que-governo-e-operadoras-busquem-solucao-para-perda-de-voos-diretos-entre-salvador-e-as-cidades-de-vitoria-da-conquista-e-ilheus\/","title":{"rendered":"DEPUTADO PEDRO TAVARES PEDE QUE GOVERNO E OPERADORAS BUSQUEM SOLU\u00c7\u00c3O PARA PERDA DE VOOS DIRETOS ENTRE SALVADOR E AS CIDADES DE VIT\u00d3RIA DA CONQUISTA E ILH\u00c9US"},"content":{"rendered":"<p><img loading=\"lazy\" decoding=\"async\" class=\"alignnone  wp-image-112043\" src=\"https:\/\/www.sudoestehoje.com.br\/novoportal\/wp-content\/uploads\/2023\/08\/Banner-500X100.gif\" alt=\"\" width=\"550\" height=\"110\" \/><\/p>\n<p><img loading=\"lazy\" decoding=\"async\" class=\"alignnone  wp-image-112248\" src=\"https:\/\/www.sudoestehoje.com.br\/novoportal\/wp-content\/uploads\/2023\/08\/PEDRINHO-600x450.jpg\" alt=\"\" width=\"549\" height=\"412\" srcset=\"https:\/\/www.sudoestehoje.com.br\/novoportal\/wp-content\/uploads\/2023\/08\/PEDRINHO-600x450.jpg 600w, https:\/\/www.sudoestehoje.com.br\/novoportal\/wp-content\/uploads\/2023\/08\/PEDRINHO-700x525.jpg 700w, https:\/\/www.sudoestehoje.com.br\/novoportal\/wp-content\/uploads\/2023\/08\/PEDRINHO-768x576.jpg 768w, https:\/\/www.sudoestehoje.com.br\/novoportal\/wp-content\/uploads\/2023\/08\/PEDRINHO.jpg 1008w\" sizes=\"auto, (max-width: 549px) 100vw, 549px\" \/><\/p>\n<p><strong>O deputado estadual Pedro Tavares (Uni\u00e3o Brasil), condenou a suspens\u00e3o dos voos diretos entre Salvador e as cidades do interior, Vit\u00f3ria da Conquista e Ilh\u00e9us, hoje (23\/08), durante a reuni\u00e3o da Comiss\u00e3o de Defesa do Consumidor, na Assembleia Legislativa da Bahia (Alba). Os parlamentares discutiram a realiza\u00e7\u00e3o de uma audi\u00eancia que deve buscar respostas para o problema.<\/strong><\/p>\n<p><strong><em>\u201c\u00c9 um verdadeiro absurdo essa situa\u00e7\u00e3o relacionada \u00e0 suspens\u00e3o dos voos diretos aqui na Bahia. A pessoa que deseja ir para Vit\u00f3ria da Conquista tem que pegar um voo com escala para Guarulhos (SP) e agora temos a not\u00edcia de que o Aeroporto Jorge Amado, em Ilh\u00e9us, tamb\u00e9m perdeu o voo direto para Salvador. Al\u00e9m da dificuldade referente aos deslocamentos, somente por meio de escalas, ainda temos o problema do pre\u00e7o das passagens. Lamentavelmente est\u00e1 se tornando mais barato viajar para o exterior do que para Conquista e Ilh\u00e9us. Precisamos discutir e propor alternativas para acabar com esse absurdo. Pedimos a sensibilidade do Governo do estado e das empresas para que busquem solu\u00e7\u00f5es, pois infelizmente essa quest\u00e3o traz enormes preju\u00edzos para o turismo e a economia das cidades e das regi\u00f5es\u201d<\/em>, afirmou.<\/strong><\/p>\n<p><strong>Tavares ressaltou que a oferta de voos entre as cidades \u00e9 essencial para estimular a economia e levar mais oportunidades \u00e0 popula\u00e7\u00e3o. O deputado citou que essa aus\u00eancia de voos diretos pode levar transtornos para os turistas, que ter\u00e3o como destino a cidade de Vit\u00f3ria da Conquista, no pr\u00f3ximo final de semana, quando ser\u00e1 realizado o Festival de Inverno.<\/strong><\/p>\n<p><strong>Ascom Deputado Estadual Pedro Tavares<\/strong><\/p>\n","protected":false},"excerpt":{"rendered":"<p>O deputado estadual Pedro Tavares (Uni\u00e3o Brasil), condenou a suspens\u00e3o dos voos diretos entre Salvador e as cidades do interior, Vit\u00f3ria da Conquista e Ilh\u00e9us, hoje (23\/08), durante a reuni\u00e3o da Comiss\u00e3o de Defesa do Consumidor, na Assembleia Legislativa da Bahia (Alba). Os parlamentares discutiram a realiza\u00e7\u00e3o de uma audi\u00eancia que deve buscar respostas para [&hellip;]<\/p>\n","protected":false},"author":2,"featured_media":112248,"comment_status":"closed","ping_status":"open","sticky":false,"template":"","format":"standard","meta":{"footnotes":"","_links_to":"","_links_to_target":""},"categories":[1],"tags":[],"class_list":["post-112247","post","type-post","status-publish","format-standard","has-post-thumbnail","hentry","category-geral"],"views":803,"_links":{"self":[{"href":"https:\/\/www.sudoestehoje.com.br\/novoportal\/wp-json\/wp\/v2\/posts\/112247","targetHints":{"allow":["GET"]}}],"collection":[{"href":"https:\/\/www.sudoestehoje.com.br\/novoportal\/wp-json\/wp\/v2\/posts"}],"about":[{"href":"https:\/\/www.sudoestehoje.com.br\/novoportal\/wp-json\/wp\/v2\/types\/post"}],"author":[{"embeddable":true,"href":"https:\/\/www.sudoestehoje.com.br\/novoportal\/wp-json\/wp\/v2\/users\/2"}],"replies":[{"embeddable":true,"href":"https:\/\/www.sudoestehoje.com.br\/novoportal\/wp-json\/wp\/v2\/comments?post=112247"}],"version-history":[{"count":4,"href":"https:\/\/www.sudoestehoje.com.br\/novoportal\/wp-json\/wp\/v2\/posts\/112247\/revisions"}],"predecessor-version":[{"id":112252,"href":"https:\/\/www.sudoestehoje.com.br\/novoportal\/wp-json\/wp\/v2\/posts\/112247\/revisions\/112252"}],"wp:featuredmedia":[{"embeddable":true,"href":"https:\/\/www.sudoestehoje.com.br\/novoportal\/wp-json\/wp\/v2\/media\/112248"}],"wp:attachment":[{"href":"https:\/\/www.sudoestehoje.com.br\/novoportal\/wp-json\/wp\/v2\/media?parent=112247"}],"wp:term":[{"taxonomy":"category","embeddable":true,"href":"https:\/\/www.sudoestehoje.com.br\/novoportal\/wp-json\/wp\/v2\/categories?post=112247"},{"taxonomy":"post_tag","embeddable":true,"href":"https:\/\/www.sudoestehoje.com.br\/novoportal\/wp-json\/wp\/v2\/tags?post=112247"}],"curies":[{"name":"wp","href":"https:\/\/api.w.org\/{rel}","templated":true}]}}