
{"id":112241,"date":"2023-08-23T16:31:59","date_gmt":"2023-08-23T19:31:59","guid":{"rendered":"https:\/\/www.sudoestehoje.com.br\/novoportal\/?p=112241"},"modified":"2023-08-23T16:34:17","modified_gmt":"2023-08-23T19:34:17","slug":"chefe-do-grupo-paramilitar-que-dasafiou-putin-morre-em-queda-de-aviao","status":"publish","type":"post","link":"https:\/\/www.sudoestehoje.com.br\/novoportal\/2023\/08\/23\/chefe-do-grupo-paramilitar-que-dasafiou-putin-morre-em-queda-de-aviao\/","title":{"rendered":"MOSCOU | CHEFE DO GRUPO PARAMILITAR QUE DASAFIOU PUTIN MORRE EM QUEDA DE AVI\u00c3O"},"content":{"rendered":"<p><img loading=\"lazy\" decoding=\"async\" class=\"alignnone wp-image-112043\" src=\"https:\/\/www.sudoestehoje.com.br\/novoportal\/wp-content\/uploads\/2023\/08\/Banner-500X100.gif\" alt=\"\" width=\"550\" height=\"110\" \/><\/p>\n<p><img loading=\"lazy\" decoding=\"async\" class=\"alignnone wp-image-112242\" src=\"https:\/\/www.sudoestehoje.com.br\/novoportal\/wp-content\/uploads\/2023\/08\/86803850-7187cd80-41dc-11ee-9b58-cb80889117a8-600x337.webp\" alt=\"\" width=\"550\" height=\"309\" srcset=\"https:\/\/www.sudoestehoje.com.br\/novoportal\/wp-content\/uploads\/2023\/08\/86803850-7187cd80-41dc-11ee-9b58-cb80889117a8-600x337.webp 600w, https:\/\/www.sudoestehoje.com.br\/novoportal\/wp-content\/uploads\/2023\/08\/86803850-7187cd80-41dc-11ee-9b58-cb80889117a8-700x393.webp 700w, https:\/\/www.sudoestehoje.com.br\/novoportal\/wp-content\/uploads\/2023\/08\/86803850-7187cd80-41dc-11ee-9b58-cb80889117a8-768x432.webp 768w, https:\/\/www.sudoestehoje.com.br\/novoportal\/wp-content\/uploads\/2023\/08\/86803850-7187cd80-41dc-11ee-9b58-cb80889117a8.webp 774w\" sizes=\"auto, (max-width: 550px) 100vw, 550px\" \/><\/p>\n<p><strong>O chefe do grupo paramilitar russo Wagner, Yevgeny Prigozhin, morreu ap\u00f3s a queda de um avi\u00e3o na regi\u00e3o de\u00a0Tver, ao norte de Moscou, na R\u00fassia.\u00a0<\/strong><\/p>\n<p><strong>A\u00a0informa\u00e7\u00e3o \u00e9 da ag\u00eancia Tass, que \u00e9 ligada ao governo.\u00a0O governador de\u00a0uma cidade ucraniana anexada \u00e0 R\u00fassia teria confirmado a morte.<\/strong><\/p>\n<p><strong>O que aconteceu? A aeronave fabricada pela Embraer fazia um voo de Moscou a S\u00e3o Petesburgo. Segundo a Tass, o voo contava com sete passageiros e tr\u00eas funcion\u00e1rios a bordo. <\/strong><\/p>\n<p><strong>O nome de Yevgeny Prigozhin estava na lista de passageiros. N\u00e3o h\u00e1 relatos de sobreviventes.<\/strong><\/p>\n","protected":false},"excerpt":{"rendered":"<p>O chefe do grupo paramilitar russo Wagner, Yevgeny Prigozhin, morreu ap\u00f3s a queda de um avi\u00e3o na regi\u00e3o de\u00a0Tver, ao norte de Moscou, na R\u00fassia.\u00a0 A\u00a0informa\u00e7\u00e3o \u00e9 da ag\u00eancia Tass, que \u00e9 ligada ao governo.\u00a0O governador de\u00a0uma cidade ucraniana anexada \u00e0 R\u00fassia teria confirmado a morte. O que aconteceu? A aeronave fabricada pela Embraer fazia [&hellip;]<\/p>\n","protected":false},"author":2,"featured_media":112242,"comment_status":"closed","ping_status":"open","sticky":false,"template":"","format":"standard","meta":{"footnotes":"","_links_to":"","_links_to_target":""},"categories":[1],"tags":[],"class_list":["post-112241","post","type-post","status-publish","format-standard","has-post-thumbnail","hentry","category-geral"],"views":721,"_links":{"self":[{"href":"https:\/\/www.sudoestehoje.com.br\/novoportal\/wp-json\/wp\/v2\/posts\/112241","targetHints":{"allow":["GET"]}}],"collection":[{"href":"https:\/\/www.sudoestehoje.com.br\/novoportal\/wp-json\/wp\/v2\/posts"}],"about":[{"href":"https:\/\/www.sudoestehoje.com.br\/novoportal\/wp-json\/wp\/v2\/types\/post"}],"author":[{"embeddable":true,"href":"https:\/\/www.sudoestehoje.com.br\/novoportal\/wp-json\/wp\/v2\/users\/2"}],"replies":[{"embeddable":true,"href":"https:\/\/www.sudoestehoje.com.br\/novoportal\/wp-json\/wp\/v2\/comments?post=112241"}],"version-history":[{"count":4,"href":"https:\/\/www.sudoestehoje.com.br\/novoportal\/wp-json\/wp\/v2\/posts\/112241\/revisions"}],"predecessor-version":[{"id":112246,"href":"https:\/\/www.sudoestehoje.com.br\/novoportal\/wp-json\/wp\/v2\/posts\/112241\/revisions\/112246"}],"wp:featuredmedia":[{"embeddable":true,"href":"https:\/\/www.sudoestehoje.com.br\/novoportal\/wp-json\/wp\/v2\/media\/112242"}],"wp:attachment":[{"href":"https:\/\/www.sudoestehoje.com.br\/novoportal\/wp-json\/wp\/v2\/media?parent=112241"}],"wp:term":[{"taxonomy":"category","embeddable":true,"href":"https:\/\/www.sudoestehoje.com.br\/novoportal\/wp-json\/wp\/v2\/categories?post=112241"},{"taxonomy":"post_tag","embeddable":true,"href":"https:\/\/www.sudoestehoje.com.br\/novoportal\/wp-json\/wp\/v2\/tags?post=112241"}],"curies":[{"name":"wp","href":"https:\/\/api.w.org\/{rel}","templated":true}]}}