
{"id":112208,"date":"2023-08-21T18:57:09","date_gmt":"2023-08-21T21:57:09","guid":{"rendered":"https:\/\/www.sudoestehoje.com.br\/novoportal\/?p=112208"},"modified":"2023-08-21T19:07:35","modified_gmt":"2023-08-21T22:07:35","slug":"presidente-da-coopardo-participa-d-de-encontro-da-oceb-em-salvador","status":"publish","type":"post","link":"https:\/\/www.sudoestehoje.com.br\/novoportal\/2023\/08\/21\/presidente-da-coopardo-participa-d-de-encontro-da-oceb-em-salvador\/","title":{"rendered":"PRESIDENTE DA COOPARDO PARTICIPA DE ENCONTRO DA OCEB EM SALVADOR"},"content":{"rendered":"<p><img loading=\"lazy\" decoding=\"async\" class=\"alignnone wp-image-112043\" src=\"https:\/\/www.sudoestehoje.com.br\/novoportal\/wp-content\/uploads\/2023\/08\/Banner-500X100.gif\" alt=\"\" width=\"550\" height=\"110\" \/><\/p>\n<p><img loading=\"lazy\" decoding=\"async\" class=\"alignnone wp-image-112209\" src=\"https:\/\/www.sudoestehoje.com.br\/novoportal\/wp-content\/uploads\/2023\/08\/alex-oceb-600x338.jpg\" alt=\"\" width=\"550\" height=\"310\" srcset=\"https:\/\/www.sudoestehoje.com.br\/novoportal\/wp-content\/uploads\/2023\/08\/alex-oceb-600x338.jpg 600w, https:\/\/www.sudoestehoje.com.br\/novoportal\/wp-content\/uploads\/2023\/08\/alex-oceb-700x394.jpg 700w, https:\/\/www.sudoestehoje.com.br\/novoportal\/wp-content\/uploads\/2023\/08\/alex-oceb-768x432.jpg 768w, https:\/\/www.sudoestehoje.com.br\/novoportal\/wp-content\/uploads\/2023\/08\/alex-oceb.jpg 1280w\" sizes=\"auto, (max-width: 550px) 100vw, 550px\" \/><\/p>\n<p><strong>Nesta segunda-feira (21), o diretor presidente da Coopardo, Alex Coelho, participou do Encontro Anual da OCEB &#8211; Sindicato e Organiza\u00e7\u00e3o das Cooperativas do Estado da Bahia, no Hotel Mercure, em Salvador.<\/strong><\/p>\n<p><strong>A pauta do encontro, segundo o presidente Alex Coelho, \u00e9 o &#8216;Desenvolvimento Sustent\u00e1vel&#8217;, tema de interesse da Coopardo e seus associados, que dever\u00e1 tamb\u00e9m ser debatido em Itapetinga e toda a \u00e1rea de atua\u00e7\u00e3o da cooperativa na regi\u00e3o.<\/strong><\/p>\n<p><strong>Conselheiro de \u00c9tica da entidade, Alex teve participa\u00e7\u00e3o destacada no encontro da OCB, que contou com a presen\u00e7a de representantes de cooperativas de toda a Bahia e conselheiros da OCEB.<\/strong><\/p>\n<p><strong>Desde que assumiu o cargo de presidente da Coopardo, Alex Coelho e demais membros da diretoria v\u00eam priorizando a qualifica\u00e7\u00e3o de todo o seu quadro, participando de encontros e reuni\u00f5es de interesse do cooperativismo, visando o aprimoramento da pecu\u00e1ria regional.<\/strong><\/p>\n\n\t\t<style type=\"text\/css\">\n\t\t\t#gallery-1 {\n\t\t\t\tmargin: auto;\n\t\t\t}\n\t\t\t#gallery-1 .gallery-item {\n\t\t\t\tfloat: left;\n\t\t\t\tmargin-top: 10px;\n\t\t\t\ttext-align: center;\n\t\t\t\twidth: 33%;\n\t\t\t}\n\t\t\t#gallery-1 img {\n\t\t\t\tborder: 2px solid #cfcfcf;\n\t\t\t}\n\t\t\t#gallery-1 .gallery-caption {\n\t\t\t\tmargin-left: 0;\n\t\t\t}\n\t\t\t\/* see gallery_shortcode() in wp-includes\/media.php *\/\n\t\t<\/style>\n\t\t<div id='gallery-1' class='gallery galleryid-112208 gallery-columns-3 gallery-size-thumbnail'><dl class='gallery-item'>\n\t\t\t<dt class='gallery-icon landscape'>\n\t\t\t\t<a href='https:\/\/www.sudoestehoje.com.br\/novoportal\/2023\/08\/21\/presidente-da-coopardo-participa-d-de-encontro-da-oceb-em-salvador\/a3f324dd-471e-4359-ae6a-2826590cc960\/'><img loading=\"lazy\" decoding=\"async\" width=\"150\" height=\"150\" src=\"https:\/\/www.sudoestehoje.com.br\/novoportal\/wp-content\/uploads\/2023\/08\/a3f324dd-471e-4359-ae6a-2826590cc960-150x150.jpg\" class=\"attachment-thumbnail size-thumbnail\" alt=\"\" \/><\/a>\n\t\t\t<\/dt><\/dl><dl class='gallery-item'>\n\t\t\t<dt class='gallery-icon portrait'>\n\t\t\t\t<a href='https:\/\/www.sudoestehoje.com.br\/novoportal\/2023\/08\/21\/presidente-da-coopardo-participa-d-de-encontro-da-oceb-em-salvador\/b1910a88-1c69-4d69-9b85-98b8e5a43e2a\/'><img loading=\"lazy\" decoding=\"async\" width=\"150\" height=\"150\" src=\"https:\/\/www.sudoestehoje.com.br\/novoportal\/wp-content\/uploads\/2023\/08\/b1910a88-1c69-4d69-9b85-98b8e5a43e2a-150x150.jpg\" class=\"attachment-thumbnail size-thumbnail\" alt=\"\" \/><\/a>\n\t\t\t<\/dt><\/dl><dl class='gallery-item'>\n\t\t\t<dt class='gallery-icon portrait'>\n\t\t\t\t<a href='https:\/\/www.sudoestehoje.com.br\/novoportal\/2023\/08\/21\/presidente-da-coopardo-participa-d-de-encontro-da-oceb-em-salvador\/c685093c-7a11-4baf-871a-477f509e6d51\/'><img loading=\"lazy\" decoding=\"async\" width=\"150\" height=\"150\" src=\"https:\/\/www.sudoestehoje.com.br\/novoportal\/wp-content\/uploads\/2023\/08\/c685093c-7a11-4baf-871a-477f509e6d51-150x150.jpg\" class=\"attachment-thumbnail size-thumbnail\" alt=\"\" \/><\/a>\n\t\t\t<\/dt><\/dl><br style=\"clear: both\" \/>\n\t\t<\/div>\n\n<p><strong>Reda\u00e7\u00e3o SH<\/strong><\/p>\n","protected":false},"excerpt":{"rendered":"<p>Nesta segunda-feira (21), o diretor presidente da Coopardo, Alex Coelho, participou do Encontro Anual da OCEB &#8211; Sindicato e Organiza\u00e7\u00e3o das Cooperativas do Estado da Bahia, no Hotel Mercure, em Salvador. A pauta do encontro, segundo o presidente Alex Coelho, \u00e9 o &#8216;Desenvolvimento Sustent\u00e1vel&#8217;, tema de interesse da Coopardo e seus associados, que dever\u00e1 tamb\u00e9m [&hellip;]<\/p>\n","protected":false},"author":2,"featured_media":112209,"comment_status":"closed","ping_status":"open","sticky":false,"template":"","format":"standard","meta":{"footnotes":"","_links_to":"","_links_to_target":""},"categories":[1],"tags":[],"class_list":["post-112208","post","type-post","status-publish","format-standard","has-post-thumbnail","hentry","category-geral"],"views":636,"_links":{"self":[{"href":"https:\/\/www.sudoestehoje.com.br\/novoportal\/wp-json\/wp\/v2\/posts\/112208","targetHints":{"allow":["GET"]}}],"collection":[{"href":"https:\/\/www.sudoestehoje.com.br\/novoportal\/wp-json\/wp\/v2\/posts"}],"about":[{"href":"https:\/\/www.sudoestehoje.com.br\/novoportal\/wp-json\/wp\/v2\/types\/post"}],"author":[{"embeddable":true,"href":"https:\/\/www.sudoestehoje.com.br\/novoportal\/wp-json\/wp\/v2\/users\/2"}],"replies":[{"embeddable":true,"href":"https:\/\/www.sudoestehoje.com.br\/novoportal\/wp-json\/wp\/v2\/comments?post=112208"}],"version-history":[{"count":3,"href":"https:\/\/www.sudoestehoje.com.br\/novoportal\/wp-json\/wp\/v2\/posts\/112208\/revisions"}],"predecessor-version":[{"id":112215,"href":"https:\/\/www.sudoestehoje.com.br\/novoportal\/wp-json\/wp\/v2\/posts\/112208\/revisions\/112215"}],"wp:featuredmedia":[{"embeddable":true,"href":"https:\/\/www.sudoestehoje.com.br\/novoportal\/wp-json\/wp\/v2\/media\/112209"}],"wp:attachment":[{"href":"https:\/\/www.sudoestehoje.com.br\/novoportal\/wp-json\/wp\/v2\/media?parent=112208"}],"wp:term":[{"taxonomy":"category","embeddable":true,"href":"https:\/\/www.sudoestehoje.com.br\/novoportal\/wp-json\/wp\/v2\/categories?post=112208"},{"taxonomy":"post_tag","embeddable":true,"href":"https:\/\/www.sudoestehoje.com.br\/novoportal\/wp-json\/wp\/v2\/tags?post=112208"}],"curies":[{"name":"wp","href":"https:\/\/api.w.org\/{rel}","templated":true}]}}