
{"id":112165,"date":"2023-08-21T08:52:19","date_gmt":"2023-08-21T11:52:19","guid":{"rendered":"https:\/\/www.sudoestehoje.com.br\/novoportal\/?p=112165"},"modified":"2023-08-21T11:38:00","modified_gmt":"2023-08-21T14:38:00","slug":"deputado-pedro-tavares-viabiliza-atracoes-para-festejos-dos-70-anos-de-bandeira","status":"publish","type":"post","link":"https:\/\/www.sudoestehoje.com.br\/novoportal\/2023\/08\/21\/deputado-pedro-tavares-viabiliza-atracoes-para-festejos-dos-70-anos-de-bandeira\/","title":{"rendered":"DEPUTADO PEDRO TAVARES GARANTE POR MEIO DE EMENDA PARLAMENTAR ATRA\u00c7\u00d5ES PARA FESTEJOS DOS 70 ANOS DE BANDEIRA"},"content":{"rendered":"<p><img loading=\"lazy\" decoding=\"async\" class=\"alignnone wp-image-112043\" src=\"https:\/\/www.sudoestehoje.com.br\/novoportal\/wp-content\/uploads\/2023\/08\/Banner-500X100.gif\" alt=\"\" width=\"550\" height=\"110\" \/><\/p>\n<p><img loading=\"lazy\" decoding=\"async\" class=\"alignnone wp-image-112167\" src=\"https:\/\/www.sudoestehoje.com.br\/novoportal\/wp-content\/uploads\/2023\/08\/WhatsApp-Image-2023-08-21-at-08.47.23-600x362.jpeg\" alt=\"\" width=\"549\" height=\"331\" srcset=\"https:\/\/www.sudoestehoje.com.br\/novoportal\/wp-content\/uploads\/2023\/08\/WhatsApp-Image-2023-08-21-at-08.47.23-600x362.jpeg 600w, https:\/\/www.sudoestehoje.com.br\/novoportal\/wp-content\/uploads\/2023\/08\/WhatsApp-Image-2023-08-21-at-08.47.23-700x422.jpeg 700w, https:\/\/www.sudoestehoje.com.br\/novoportal\/wp-content\/uploads\/2023\/08\/WhatsApp-Image-2023-08-21-at-08.47.23-768x463.jpeg 768w, https:\/\/www.sudoestehoje.com.br\/novoportal\/wp-content\/uploads\/2023\/08\/WhatsApp-Image-2023-08-21-at-08.47.23-1536x926.jpeg 1536w, https:\/\/www.sudoestehoje.com.br\/novoportal\/wp-content\/uploads\/2023\/08\/WhatsApp-Image-2023-08-21-at-08.47.23.jpeg 1600w\" sizes=\"auto, (max-width: 549px) 100vw, 549px\" \/><\/p>\n<p><strong>Em mais uma a\u00e7\u00e3o de apoio \u00e0s comemora\u00e7\u00f5es festivas e c\u00edvicas no munic\u00edpio de Itapetinga, o deputado estadual Pedro Tavares (Uni\u00e3o) viabilizou parte das atra\u00e7\u00f5es art\u00edsticas contratadas para a festa dos 70 anos do distrito de Bandeira do Col\u00f4nia, realizada no \u00faltimo final de semana.<\/strong><\/p>\n<p><strong>Presente no evento, o deputado participou das inaugura\u00e7\u00f5es realizadas pela gest\u00e3o municipal, ao lado do prefeito Rodrigo Hagge, vereadores e equipe de governo.<\/strong><\/p>\n<p><strong>Na solenidade, o deputado lembrou que, atrav\u00e9s da sua atua\u00e7\u00e3o, foram destinados equipamentos hospitalares para o munic\u00edpio, para equipar o novo hospital municipal em constru\u00e7\u00e3o e a rec\u00e9m inaugurada Cl\u00ednica da Fam\u00edlia no pr\u00f3prio distrito de Bandeira do Col\u00f4nia, numa verdadeira presta\u00e7\u00e3o de contas do seu mandato, no munic\u00edpio onde conquistou sua maior vota\u00e7\u00e3o na \u00faltima elei\u00e7\u00e3o.<\/strong><\/p>\n<p><strong>Foram inauguradas durantes as comemora\u00e7\u00f5es, uma Cl\u00ednica da Fam\u00edlia, Centro de Fisioterapia e reforma da Biblioteca P\u00fablica, al\u00e9m das comemora\u00e7\u00f5es festivas.<\/strong><\/p>\n<p><strong>Reda\u00e7\u00e3o<\/strong><\/p>\n","protected":false},"excerpt":{"rendered":"<p>Em mais uma a\u00e7\u00e3o de apoio \u00e0s comemora\u00e7\u00f5es festivas e c\u00edvicas no munic\u00edpio de Itapetinga, o deputado estadual Pedro Tavares (Uni\u00e3o) viabilizou parte das atra\u00e7\u00f5es art\u00edsticas contratadas para a festa dos 70 anos do distrito de Bandeira do Col\u00f4nia, realizada no \u00faltimo final de semana. Presente no evento, o deputado participou das inaugura\u00e7\u00f5es realizadas pela [&hellip;]<\/p>\n","protected":false},"author":2,"featured_media":112167,"comment_status":"closed","ping_status":"open","sticky":false,"template":"","format":"standard","meta":{"footnotes":"","_links_to":"","_links_to_target":""},"categories":[1],"tags":[],"class_list":["post-112165","post","type-post","status-publish","format-standard","has-post-thumbnail","hentry","category-geral"],"views":819,"_links":{"self":[{"href":"https:\/\/www.sudoestehoje.com.br\/novoportal\/wp-json\/wp\/v2\/posts\/112165","targetHints":{"allow":["GET"]}}],"collection":[{"href":"https:\/\/www.sudoestehoje.com.br\/novoportal\/wp-json\/wp\/v2\/posts"}],"about":[{"href":"https:\/\/www.sudoestehoje.com.br\/novoportal\/wp-json\/wp\/v2\/types\/post"}],"author":[{"embeddable":true,"href":"https:\/\/www.sudoestehoje.com.br\/novoportal\/wp-json\/wp\/v2\/users\/2"}],"replies":[{"embeddable":true,"href":"https:\/\/www.sudoestehoje.com.br\/novoportal\/wp-json\/wp\/v2\/comments?post=112165"}],"version-history":[{"count":5,"href":"https:\/\/www.sudoestehoje.com.br\/novoportal\/wp-json\/wp\/v2\/posts\/112165\/revisions"}],"predecessor-version":[{"id":112206,"href":"https:\/\/www.sudoestehoje.com.br\/novoportal\/wp-json\/wp\/v2\/posts\/112165\/revisions\/112206"}],"wp:featuredmedia":[{"embeddable":true,"href":"https:\/\/www.sudoestehoje.com.br\/novoportal\/wp-json\/wp\/v2\/media\/112167"}],"wp:attachment":[{"href":"https:\/\/www.sudoestehoje.com.br\/novoportal\/wp-json\/wp\/v2\/media?parent=112165"}],"wp:term":[{"taxonomy":"category","embeddable":true,"href":"https:\/\/www.sudoestehoje.com.br\/novoportal\/wp-json\/wp\/v2\/categories?post=112165"},{"taxonomy":"post_tag","embeddable":true,"href":"https:\/\/www.sudoestehoje.com.br\/novoportal\/wp-json\/wp\/v2\/tags?post=112165"}],"curies":[{"name":"wp","href":"https:\/\/api.w.org\/{rel}","templated":true}]}}