
{"id":112158,"date":"2023-08-19T21:37:37","date_gmt":"2023-08-20T00:37:37","guid":{"rendered":"https:\/\/www.sudoestehoje.com.br\/novoportal\/?p=112158"},"modified":"2023-08-19T21:39:32","modified_gmt":"2023-08-20T00:39:32","slug":"experiencia-e-a-palavra-que-define-as-acoes-realizadas-pelas-marcas-fib23","status":"publish","type":"post","link":"https:\/\/www.sudoestehoje.com.br\/novoportal\/2023\/08\/19\/experiencia-e-a-palavra-que-define-as-acoes-realizadas-pelas-marcas-fib23\/","title":{"rendered":"EXPERI\u00caNCIA \u00c9 A PALAVRA QUE DEFINE AS A\u00c7\u00d5ES REALIZADAS PELAS MARCAS FIB23"},"content":{"rendered":"<div><img loading=\"lazy\" decoding=\"async\" class=\"alignnone  wp-image-112043\" src=\"https:\/\/www.sudoestehoje.com.br\/novoportal\/wp-content\/uploads\/2023\/08\/Banner-500X100.gif\" alt=\"\" width=\"550\" height=\"110\" \/><\/div>\n<div><span style=\"font-size: large;\"><i><strong>Vivenciando a era de sentir o festival e n\u00e3o s\u00f3 fazer parte d<\/strong><\/i><\/span><i style=\"font-size: large;\"><strong>ele, momentos inesquec\u00edveis s\u00e3o pensados tendo o p\u00fablico como centro das aten\u00e7\u00f5es<\/strong><\/i><\/div>\n<div><img loading=\"lazy\" decoding=\"async\" class=\"alignnone wp-image-112160\" src=\"https:\/\/www.sudoestehoje.com.br\/novoportal\/wp-content\/uploads\/2023\/08\/unnamed-3-600x400.jpg\" alt=\"\" width=\"549\" height=\"366\" srcset=\"https:\/\/www.sudoestehoje.com.br\/novoportal\/wp-content\/uploads\/2023\/08\/unnamed-3-600x400.jpg 600w, https:\/\/www.sudoestehoje.com.br\/novoportal\/wp-content\/uploads\/2023\/08\/unnamed-3-700x467.jpg 700w, https:\/\/www.sudoestehoje.com.br\/novoportal\/wp-content\/uploads\/2023\/08\/unnamed-3-768x512.jpg 768w, https:\/\/www.sudoestehoje.com.br\/novoportal\/wp-content\/uploads\/2023\/08\/unnamed-3-1536x1024.jpg 1536w, https:\/\/www.sudoestehoje.com.br\/novoportal\/wp-content\/uploads\/2023\/08\/unnamed-3.jpg 1600w\" sizes=\"auto, (max-width: 549px) 100vw, 549px\" \/><\/div>\n<div><\/div>\n<div><strong><span style=\"font-size: large;\">Turistas e conquistenses que vierem aproveitar o Festival de Inverno Bahia (FIB) ter\u00e3o, por mais um ano, a chance de vivenciar as a\u00e7\u00f5es preparadas pelos patrocinadores masters e colecionar registros que n\u00e3o sair\u00e3o apenas nas fotografias, mas ficar\u00e3o tamb\u00e9m na mem\u00f3ria por meio da emo\u00e7\u00e3o.<\/span><\/strong><\/div>\n<div><strong><span style=\"font-size: large;\">\u00a0<\/span><\/strong><\/div>\n<div><strong><span style=\"font-size: large;\">Em se tratando de conex\u00e3o, a He-Net traz como mote o \u201cModo Fibra\u201d, onde o p\u00fablico do festival poder\u00e1 se conectar \u00e0 internet, participar de sorteios, recarregar celulares, descansar e fazer registros em ambientes instagram\u00e1veis no stand da empresa. Quem tamb\u00e9m vai motivar as pessoas a captarem boas lembran\u00e7as \u00e9 a Faculdade Santo Agostinho (Fasa), que ter\u00e1 uma cabine de fotos para o camarote VIP. J\u00e1 a Unimed Sudoeste, proporcionar\u00e1 um espa\u00e7o onde, al\u00e9m de fazer fotos e v\u00eddeos, as pessoas ser\u00e3o incentivadas a se apresentarem em um palco e ganhar\u00e3o como brinde copo com led pata poder curtir os shows da grade do evento.<br \/>\n<\/span><\/strong><\/div>\n<div><strong><span style=\"font-size: large;\">\u00a0<\/span><\/strong><\/div>\n<div><strong><span style=\"font-size: large;\">Praia, inverno e rock<br \/>\n<\/span><\/strong><\/div>\n<div><strong><span style=\"font-size: large;\">\u00a0<\/span><\/strong><\/div>\n<div><strong><span style=\"font-size: large;\">Voc\u00ea j\u00e1 imaginou uma praia no inverno baiano? Pois essa \u00e9 a proposta inovadora que a VCA Construtora levar\u00e1 para o #FIB23. A ativa\u00e7\u00e3o da marca vem com a tem\u00e1tica \u201cPraia\u201d, opera\u00e7\u00e3o nacional da empresa, e o lan\u00e7amento ser\u00e1 no Festival de Inverno Bahia. E os amantes do rock ter\u00e3o motivos ampliados para irem ao festival: a Toyota Diamantina preparou um terceiro palco que vai agrad\u00e1-los e muito. A \u201cGaragem do Rock\u201d vai relembrar o ritmo pesado na veia com shows de representantes do ritmo, al\u00e9m da distribui\u00e7\u00e3o de brindes.<br \/>\n<\/span><\/strong><\/div>\n<div><strong><span style=\"font-size: large;\">\u00a0<\/span><\/strong><\/div>\n<div><strong><span style=\"font-size: large;\">Complementando toda a experi\u00eancia sensorial, o Grupo Botic\u00e1rio assina o \u201cTruck da Beleza\u201d todo climatizado, onde em um dos ambientes, estar\u00e3o dispon\u00edveis espelhos para selfies e ilumina\u00e7\u00f5es neon e led, e, no outro, uma parede brilhante. Na \u00e1rea externa do truck, uma recep\u00e7\u00e3o com promotores que passar\u00e3o truques de beleza.<br \/>\n<\/span><\/strong><\/div>\n<div><strong><span style=\"font-size: large;\">\u00a0<\/span><\/strong><\/div>\n<div><strong><span style=\"font-size: large;\">Sustentabilidade<br \/>\n<\/span><\/strong><\/div>\n<div><strong><span style=\"font-size: large;\">\u00a0<\/span><\/strong><\/div>\n<div><strong><span style=\"font-size: large;\">Por meio do Apoio Sustentabilidade assinado pelo Grupo Chiacchio neste ano, uma s\u00e9rie de a\u00e7\u00f5es sustent\u00e1veis ser\u00e3o realizadas de forma a incentivar a postura educativa do p\u00fablico. Uma \u00e1rvore solar far\u00e1 o carregamento de celulares; ser\u00e3o disponibilizadas ecovagas para carros el\u00e9tricos; todos os res\u00edduos s\u00f3lidos ser\u00e3o recolhidos e separados, a fim de realizar a log\u00edstica reversa que permite que esses res\u00edduos sejam transformados em novos objetos de uso, criando um ciclo sustent\u00e1vel. Tamb\u00e9m, ser\u00e1 realizada a compostagem de res\u00edduos org\u00e2nicos, com doa\u00e7\u00e3o desse material para comunidade\u00a0quilombola.<\/span><\/strong><\/div>\n<div><\/div>\n<div><strong><span lang=\"PT-BR\">A produ\u00e7\u00e3o do Festival de Inverno Bahia \u00e9 assinada\u202fpela Bahia\u202fEventos, empresa de entretenimento da Rede Bahia, em parceria com a TV Sudoeste.<\/span><span lang=\"PT-BR\">\u202f<\/span>\u00a0<\/strong><\/div>\n","protected":false},"excerpt":{"rendered":"<p>Vivenciando a era de sentir o festival e n\u00e3o s\u00f3 fazer parte dele, momentos inesquec\u00edveis s\u00e3o pensados tendo o p\u00fablico como centro das aten\u00e7\u00f5es Turistas e conquistenses que vierem aproveitar o Festival de Inverno Bahia (FIB) ter\u00e3o, por mais um ano, a chance de vivenciar as a\u00e7\u00f5es preparadas pelos patrocinadores masters e colecionar registros que [&hellip;]<\/p>\n","protected":false},"author":2,"featured_media":112160,"comment_status":"closed","ping_status":"open","sticky":false,"template":"","format":"standard","meta":{"footnotes":"","_links_to":"","_links_to_target":""},"categories":[1],"tags":[],"class_list":["post-112158","post","type-post","status-publish","format-standard","has-post-thumbnail","hentry","category-geral"],"views":608,"_links":{"self":[{"href":"https:\/\/www.sudoestehoje.com.br\/novoportal\/wp-json\/wp\/v2\/posts\/112158","targetHints":{"allow":["GET"]}}],"collection":[{"href":"https:\/\/www.sudoestehoje.com.br\/novoportal\/wp-json\/wp\/v2\/posts"}],"about":[{"href":"https:\/\/www.sudoestehoje.com.br\/novoportal\/wp-json\/wp\/v2\/types\/post"}],"author":[{"embeddable":true,"href":"https:\/\/www.sudoestehoje.com.br\/novoportal\/wp-json\/wp\/v2\/users\/2"}],"replies":[{"embeddable":true,"href":"https:\/\/www.sudoestehoje.com.br\/novoportal\/wp-json\/wp\/v2\/comments?post=112158"}],"version-history":[{"count":4,"href":"https:\/\/www.sudoestehoje.com.br\/novoportal\/wp-json\/wp\/v2\/posts\/112158\/revisions"}],"predecessor-version":[{"id":112164,"href":"https:\/\/www.sudoestehoje.com.br\/novoportal\/wp-json\/wp\/v2\/posts\/112158\/revisions\/112164"}],"wp:featuredmedia":[{"embeddable":true,"href":"https:\/\/www.sudoestehoje.com.br\/novoportal\/wp-json\/wp\/v2\/media\/112160"}],"wp:attachment":[{"href":"https:\/\/www.sudoestehoje.com.br\/novoportal\/wp-json\/wp\/v2\/media?parent=112158"}],"wp:term":[{"taxonomy":"category","embeddable":true,"href":"https:\/\/www.sudoestehoje.com.br\/novoportal\/wp-json\/wp\/v2\/categories?post=112158"},{"taxonomy":"post_tag","embeddable":true,"href":"https:\/\/www.sudoestehoje.com.br\/novoportal\/wp-json\/wp\/v2\/tags?post=112158"}],"curies":[{"name":"wp","href":"https:\/\/api.w.org\/{rel}","templated":true}]}}