
{"id":112150,"date":"2023-08-18T23:46:54","date_gmt":"2023-08-19T02:46:54","guid":{"rendered":"https:\/\/www.sudoestehoje.com.br\/novoportal\/?p=112150"},"modified":"2023-08-18T23:53:06","modified_gmt":"2023-08-19T02:53:06","slug":"itapetinga-programa-ambiental-cata-bagulho-e-sugerido-por-davi-ferraz","status":"publish","type":"post","link":"https:\/\/www.sudoestehoje.com.br\/novoportal\/2023\/08\/18\/itapetinga-programa-ambiental-cata-bagulho-e-sugerido-por-davi-ferraz\/","title":{"rendered":"ITAPETINGA | PROGRAMA AMBIENTAL &#8216;CATA BAGULHO&#8217; \u00c9 SUGERIDO POR DAVI FERRAZ"},"content":{"rendered":"<p><img loading=\"lazy\" decoding=\"async\" class=\"alignnone wp-image-112043\" src=\"https:\/\/www.sudoestehoje.com.br\/novoportal\/wp-content\/uploads\/2023\/08\/Banner-500X100.gif\" alt=\"\" width=\"550\" height=\"110\" \/><\/p>\n<p><img loading=\"lazy\" decoding=\"async\" class=\"alignnone wp-image-112152\" src=\"https:\/\/www.sudoestehoje.com.br\/novoportal\/wp-content\/uploads\/2023\/08\/cata-bagulho-1.jpeg\" alt=\"\" width=\"550\" height=\"269\" \/><\/p>\n<p><strong>No seu prop\u00f3sito de contribuir para o aprimoramento dos servi\u00e7os p\u00fablicos em Itapetinga e a educa\u00e7\u00e3o ambiental, o pr\u00e9-candidato a prefeito pelo Cidadania, Davi Ferraz, est\u00e1 propondo a cria\u00e7\u00e3o do programa municipal &#8216;Cata Bagulho&#8217;, a ser implantado no \u00e2mbito das secretarias de Servi\u00e7os P\u00fablicos e Meio Ambiente, em Itapetinga.\u00a0<\/strong><\/p>\n<p><strong>O programa Cata Bagulho \u00e9 simples e consiste na coleta semanal, por equipes da prefeitura, de objetos velhos nas principais ruas e avenidas dos bairros, tais como: colch\u00f5es, camas, sof\u00e1s, mesas, cadeiras, eletrodom\u00e9sticos, pneus, entulhos e utens\u00edlios em geral. <\/strong><\/p>\n<p><strong>A iniciativa tem como proposta levar os servi\u00e7os para todos os bairros, atrav\u00e9s de uma programa\u00e7\u00e3o pr\u00e9-estabelecida e divulgada com anteced\u00eancia, atrav\u00e9s das emissoras de r\u00e1dios, blogs e redes sociais.<\/strong><\/p>\n<p><strong>Davi Ferraz destaca a import\u00e2ncia do programa, sugerindo a sua implanta\u00e7\u00e3o pela gest\u00e3o municipal.<em> &#8220;A a\u00e7\u00e3o do Cata Bagulho proporcionar\u00e1 para a popula\u00e7\u00e3o, a oportunidade de colocar em suas portas, pe\u00e7as e produtos que estejam sem nenhuma serventia, ocupando espa\u00e7os nos muros e quintais dos moradores, e assim promover o descarte de maneira correta, contribuindo para a limpeza da cidade e a qualidade do meio ambiente&#8221;<\/em>, ressaltou.<\/strong><\/p>\n<p><strong><em>&#8220;Vamos conversar com o prefeito Rodrigo Hagge e os secret\u00e1rios Luciano Almeida e Z\u00e9 Renan, para que o &#8216;Cata Bagulho&#8217; seja implantado em Itapetinga, ainda nesta gest\u00e3o&#8221;<\/em>, finalizou Davi.<\/strong><\/p>\n<p><strong>Reda\u00e7\u00e3o SH<\/strong><\/p>\n","protected":false},"excerpt":{"rendered":"<p>No seu prop\u00f3sito de contribuir para o aprimoramento dos servi\u00e7os p\u00fablicos em Itapetinga e a educa\u00e7\u00e3o ambiental, o pr\u00e9-candidato a prefeito pelo Cidadania, Davi Ferraz, est\u00e1 propondo a cria\u00e7\u00e3o do programa municipal &#8216;Cata Bagulho&#8217;, a ser implantado no \u00e2mbito das secretarias de Servi\u00e7os P\u00fablicos e Meio Ambiente, em Itapetinga.\u00a0 O programa Cata Bagulho \u00e9 simples [&hellip;]<\/p>\n","protected":false},"author":2,"featured_media":112152,"comment_status":"closed","ping_status":"open","sticky":false,"template":"","format":"standard","meta":{"footnotes":"","_links_to":"","_links_to_target":""},"categories":[1],"tags":[],"class_list":["post-112150","post","type-post","status-publish","format-standard","has-post-thumbnail","hentry","category-geral"],"views":731,"_links":{"self":[{"href":"https:\/\/www.sudoestehoje.com.br\/novoportal\/wp-json\/wp\/v2\/posts\/112150","targetHints":{"allow":["GET"]}}],"collection":[{"href":"https:\/\/www.sudoestehoje.com.br\/novoportal\/wp-json\/wp\/v2\/posts"}],"about":[{"href":"https:\/\/www.sudoestehoje.com.br\/novoportal\/wp-json\/wp\/v2\/types\/post"}],"author":[{"embeddable":true,"href":"https:\/\/www.sudoestehoje.com.br\/novoportal\/wp-json\/wp\/v2\/users\/2"}],"replies":[{"embeddable":true,"href":"https:\/\/www.sudoestehoje.com.br\/novoportal\/wp-json\/wp\/v2\/comments?post=112150"}],"version-history":[{"count":3,"href":"https:\/\/www.sudoestehoje.com.br\/novoportal\/wp-json\/wp\/v2\/posts\/112150\/revisions"}],"predecessor-version":[{"id":112156,"href":"https:\/\/www.sudoestehoje.com.br\/novoportal\/wp-json\/wp\/v2\/posts\/112150\/revisions\/112156"}],"wp:featuredmedia":[{"embeddable":true,"href":"https:\/\/www.sudoestehoje.com.br\/novoportal\/wp-json\/wp\/v2\/media\/112152"}],"wp:attachment":[{"href":"https:\/\/www.sudoestehoje.com.br\/novoportal\/wp-json\/wp\/v2\/media?parent=112150"}],"wp:term":[{"taxonomy":"category","embeddable":true,"href":"https:\/\/www.sudoestehoje.com.br\/novoportal\/wp-json\/wp\/v2\/categories?post=112150"},{"taxonomy":"post_tag","embeddable":true,"href":"https:\/\/www.sudoestehoje.com.br\/novoportal\/wp-json\/wp\/v2\/tags?post=112150"}],"curies":[{"name":"wp","href":"https:\/\/api.w.org\/{rel}","templated":true}]}}