
{"id":11215,"date":"2011-12-16T22:31:17","date_gmt":"2011-12-17T01:31:17","guid":{"rendered":"http:\/\/www.sudoestehoje.com.br\/novoportal\/?p=11215"},"modified":"2011-12-16T22:31:17","modified_gmt":"2011-12-17T01:31:17","slug":"iguai-funcionarios-choram-com-o-fechamento-do-galpao-da-azaleia","status":"publish","type":"post","link":"https:\/\/www.sudoestehoje.com.br\/novoportal\/2011\/12\/16\/iguai-funcionarios-choram-com-o-fechamento-do-galpao-da-azaleia\/","title":{"rendered":"IGUA\u00cd: FUNCION\u00c1RIOS CHORAM COM O FECHAMENTO DO GALP\u00c3O DA AZAL\u00c9IA"},"content":{"rendered":"<div>\n<div id=\"message805672008\">\n<div id=\"yiv326671293\">\n<div><span style=\"font-family: 'comic sans ms', sans-serif; color: #006600;\"><\/p>\n<div id=\"attachment_11216\" style=\"width: 410px\" class=\"wp-caption aligncenter\"><a href=\"http:\/\/www.sudoestehoje.com.br\/novoportal\/wp-content\/uploads\/2011\/12\/IGUAI.jpg\"><img loading=\"lazy\" decoding=\"async\" aria-describedby=\"caption-attachment-11216\" class=\"size-full wp-image-11216\" title=\"IGUAI\" src=\"http:\/\/www.sudoestehoje.com.br\/novoportal\/wp-content\/uploads\/2011\/12\/IGUAI.jpg\" alt=\"\" width=\"400\" height=\"300\" \/><\/a><p id=\"caption-attachment-11216\" class=\"wp-caption-text\">&quot;Ganhei um presente de Natal da Azal\u00e9ia: uma demiss\u00e3o&quot;, Elina Benedictis, ex-oper\u00e1ria cal\u00e7adista.<\/p><\/div>\n<p><\/span><\/div>\n<\/div>\n<\/div>\n<\/div>\n<div><\/div>\n<div>IGUA\u00cd: Hoje a empresa cal\u00e7adista  Vulcabr\u00e1s\/Azale\u00eda fechou seis filiais na regi\u00e3o, totalizando mais de 10% dos funcion\u00e1rios em todo estado. Muitos  deixaram as filiais chorando pela falta de perspectiva de emprego no curto  prazo.<\/div>\n<p>Em Igua\u00ed-BA, a 497 km de Salvador, os  funcion\u00e1rios da Azal\u00e9ia foram surpreendidos com not\u00edcia de demiss\u00e3o ou  transfer\u00eancia para matriz, em Itapetinga, com transporte pago pela empresa.  Por\u00e9m, mesmo com a op\u00e7\u00e3o de transfer\u00eancia para Itapetinga, muitos choram  compulsivamente.<\/p>\n<div>\u201cN\u00e3o posso ficar indo de Igua\u00ed para  Itapetinga s\u00e3o quatro horas de viagem. Duas para ir, duas para voltar e mais  oito horas de trabalho! Como vou cuidar das minhas filhas com uma jornada de 12  horas dedicadas somente ao servi\u00e7o?\u201d \u2013 desabafou Fernanda, ex-oper\u00e1ria  cal\u00e7adista.<\/div>\n<div>O principal medo de quem tem inclina\u00e7\u00e3o  em aceitar a transfer\u00eancia para Itapetinga \u00e9 de acontecer o mesmo que ocorreu no  Rio Grande do Sul. A empresa alegou que as fabricas fechadas no RS eram a de  menor produ\u00e7\u00e3o e maior custo, por isso foram escolhidas para o fechamento.<\/div>\n<div><\/div>\n<div>\n<div>Um outro medo dos trabalhadores daquela  empresa seria que com a transfer\u00eancia para Itapetinga os funcion\u00e1rios poderiam  perder direitos ao Azal\u00e9ia pedir fal\u00eancia. \u201cMeu marido n\u00e3o vai pra Itapetinga.  Ele acha que l\u00e1 vai fechar tamb\u00e9m e se l\u00e1 decretar fal\u00eancia n\u00e3o vai pagar  ningu\u00e9m\u201d \u2013 disse Maria Cardoso esposa de ex-funcion\u00e1rio da  Vulcabr\u00e1s.<\/div>\n<div>Em clima de decep\u00e7\u00e3o, frusta\u00e7\u00e3o e  desgosto ouvia-se muitas reclama\u00e7\u00f5es dos governos federal, estadual e municipal.  \u201cMeu sentimento \u00e9 desola\u00e7\u00e3o e decep\u00e7\u00e3o com o governo municipal de Igua\u00ed e  estadual. Minha vida est\u00e1 aqui como as dos meus colegas e ningu\u00e9m faz nada!\u201d,  afirmou Carlos Silva, que trabalhava a empresa h\u00e1 mais de 3 anos, \u00e9 casado e tem  dois filhos.<\/div>\n<div><\/div>\n<div>Em comunicado para imprensa a  decis\u00e3o foi tomada baseada em estudo econ\u00f4mico para a redu\u00e7\u00e3o de custos com  consequ\u00eancia na eleva\u00e7\u00e3o da concorr\u00eancia interna, especialmente com os produtos  importados.<\/div>\n<div><\/div>\n<div>\n<div id=\"message805672008\">\n<div id=\"yiv326671293\">\n<div><span style=\"font-family: 'comic sans ms', sans-serif; color: #006600;\">Blog Veja  Igua\u00ed<\/span><\/div>\n<div><span style=\"font-family: 'comic sans ms', sans-serif;\"><span style=\"font-size: xx-small;\">site:<\/span><span style=\"color: #003300;\"> <\/span><a rel=\"nofollow\" href=\"http:\/\/vejaiguai.blogspot.com\/\" target=\"_blank\"><span style=\"color: #33cc00;\">http:\/\/vejaiguai.blogspot.com\/<\/span><\/a><\/span><\/div>\n<div><span style=\"font-family: 'comic sans ms', sans-serif;\"><span style=\"font-size: xx-small;\">email:<\/span> <span style=\"color: #33ff33;\"><a rel=\"nofollow\" href=\"http:\/\/br.mc1610.mail.yahoo.com\/mc\/compose?to=vejaiguai@gmail.com\" target=\"_blank\">vejaiguai@gmail.com<\/a><\/span><\/span><\/div>\n<\/div>\n<\/div>\n<\/div>\n<\/div>\n","protected":false},"excerpt":{"rendered":"<p>IGUA\u00cd: Hoje a empresa cal\u00e7adista Vulcabr\u00e1s\/Azale\u00eda fechou seis filiais na regi\u00e3o, totalizando mais de 10% dos funcion\u00e1rios em todo estado. Muitos deixaram as filiais chorando pela falta de perspectiva de emprego no curto prazo. Em Igua\u00ed-BA, a 497 km de Salvador, os funcion\u00e1rios da Azal\u00e9ia foram surpreendidos com not\u00edcia de demiss\u00e3o ou transfer\u00eancia para matriz, [&hellip;]<\/p>\n","protected":false},"author":2,"featured_media":0,"comment_status":"open","ping_status":"open","sticky":false,"template":"","format":"standard","meta":{"footnotes":"","_links_to":"","_links_to_target":""},"categories":[1],"tags":[],"class_list":["post-11215","post","type-post","status-publish","format-standard","hentry","category-geral"],"views":4489,"_links":{"self":[{"href":"https:\/\/www.sudoestehoje.com.br\/novoportal\/wp-json\/wp\/v2\/posts\/11215","targetHints":{"allow":["GET"]}}],"collection":[{"href":"https:\/\/www.sudoestehoje.com.br\/novoportal\/wp-json\/wp\/v2\/posts"}],"about":[{"href":"https:\/\/www.sudoestehoje.com.br\/novoportal\/wp-json\/wp\/v2\/types\/post"}],"author":[{"embeddable":true,"href":"https:\/\/www.sudoestehoje.com.br\/novoportal\/wp-json\/wp\/v2\/users\/2"}],"replies":[{"embeddable":true,"href":"https:\/\/www.sudoestehoje.com.br\/novoportal\/wp-json\/wp\/v2\/comments?post=11215"}],"version-history":[{"count":3,"href":"https:\/\/www.sudoestehoje.com.br\/novoportal\/wp-json\/wp\/v2\/posts\/11215\/revisions"}],"predecessor-version":[{"id":11219,"href":"https:\/\/www.sudoestehoje.com.br\/novoportal\/wp-json\/wp\/v2\/posts\/11215\/revisions\/11219"}],"wp:attachment":[{"href":"https:\/\/www.sudoestehoje.com.br\/novoportal\/wp-json\/wp\/v2\/media?parent=11215"}],"wp:term":[{"taxonomy":"category","embeddable":true,"href":"https:\/\/www.sudoestehoje.com.br\/novoportal\/wp-json\/wp\/v2\/categories?post=11215"},{"taxonomy":"post_tag","embeddable":true,"href":"https:\/\/www.sudoestehoje.com.br\/novoportal\/wp-json\/wp\/v2\/tags?post=11215"}],"curies":[{"name":"wp","href":"https:\/\/api.w.org\/{rel}","templated":true}]}}