
{"id":112103,"date":"2023-08-17T19:39:11","date_gmt":"2023-08-17T22:39:11","guid":{"rendered":"https:\/\/www.sudoestehoje.com.br\/novoportal\/?p=112103"},"modified":"2023-08-17T20:36:28","modified_gmt":"2023-08-17T23:36:28","slug":"itapetinga-prisao-do-ex-vereador-dede-morais-repercute-em-todo-o-estado","status":"publish","type":"post","link":"https:\/\/www.sudoestehoje.com.br\/novoportal\/2023\/08\/17\/itapetinga-prisao-do-ex-vereador-dede-morais-repercute-em-todo-o-estado\/","title":{"rendered":"ITAPETINGA | PRIS\u00c3O DO EX-VEREADOR DED\u00c9 MORAIS REPERCUTE EM TODO O ESTADO"},"content":{"rendered":"<p><img loading=\"lazy\" decoding=\"async\" class=\"alignnone wp-image-112043\" src=\"https:\/\/www.sudoestehoje.com.br\/novoportal\/wp-content\/uploads\/2023\/08\/Banner-500X100.gif\" alt=\"\" width=\"550\" height=\"110\" \/><\/p>\n<p><img loading=\"lazy\" decoding=\"async\" class=\"alignnone wp-image-112105\" src=\"https:\/\/www.sudoestehoje.com.br\/novoportal\/wp-content\/uploads\/2023\/08\/IMAGEM_NOTICIA_5-1.webp\" alt=\"\" width=\"550\" height=\"350\" \/><\/p>\n<p><strong>A pris\u00e3o do ex-vereador do PT, Ded\u00e9 Morais, por suposto envolvimento no assassinato do comerciante e pecuarista Jo\u00e3o Martins, surpreendeu a popula\u00e7\u00e3o de Itapetinga e est\u00e1 repercutindo em todo o estado da Bahia, atrav\u00e9s da grande m\u00eddia regional e da capital. Confira mat\u00e9ria do Bahia Not\u00edcias, com informa\u00e7\u00f5es do Pol\u00edticos do Sul da Bahia:\u00a0<\/strong><\/p>\n<p><em><strong>&#8216;Bahia Not\u00edcias &#8211; Entre os presos suspeitos pela morte do pecuarista Jo\u00e3o Martins Bastos, de 55 anos, segundo o <a href=\"https:\/\/www.politicosdosuldabahia.com.br\/v1\/2023\/08\/17\/itapetinga-ex-vereador-foi-preso-por-suspeita-de-participacao-em-morte-de-fazendeiro\/\">Pol\u00edticos do Sul da Bahia<\/a> , est\u00e1 o ex-vereador de Itapetinga Ded\u00e9 Morais, que exerceu o mandato entre 2009 e 2012. <\/strong><\/em><\/p>\n<p><em><strong>Al\u00e9m do ex-vereador, foram presos tamb\u00e9m a vi\u00fava Vanessa Azevedo e um homem identificado como Beto Oliveira.<\/strong><\/em><\/p>\n<p><em><strong>Jo\u00e3o Martins foi morto em\u00a0<a href=\"https:\/\/www.bahianoticias.com.br\/municipios\/noticia\/35494-esposa-e-o-amante-estao-entre-os-suspeitos-presos-por-morte-de-comerciante-na-regiao-sudoeste\">Encruzilhada<\/a>, na divisa da Bahia com Minas Gerais, o homem estava em um bar quando chegaram homens armados e anunciaram um assalto. <\/strong><\/em><\/p>\n<p><em><strong>O crime ocorreu no povoado Fazenda Modelo. Segundo a Pol\u00edcia Civil, a motiva\u00e7\u00e3o do crime foi patrimonial, a vi\u00fava pretendia ficar com os bens da v\u00edtima&#8217;.<\/strong><\/em><\/p>\n","protected":false},"excerpt":{"rendered":"<p>A pris\u00e3o do ex-vereador do PT, Ded\u00e9 Morais, por suposto envolvimento no assassinato do comerciante e pecuarista Jo\u00e3o Martins, surpreendeu a popula\u00e7\u00e3o de Itapetinga e est\u00e1 repercutindo em todo o estado da Bahia, atrav\u00e9s da grande m\u00eddia regional e da capital. Confira mat\u00e9ria do Bahia Not\u00edcias, com informa\u00e7\u00f5es do Pol\u00edticos do Sul da Bahia:\u00a0 &#8216;Bahia [&hellip;]<\/p>\n","protected":false},"author":2,"featured_media":112105,"comment_status":"closed","ping_status":"open","sticky":false,"template":"","format":"standard","meta":{"footnotes":"","_links_to":"","_links_to_target":""},"categories":[1],"tags":[],"class_list":["post-112103","post","type-post","status-publish","format-standard","has-post-thumbnail","hentry","category-geral"],"views":1964,"_links":{"self":[{"href":"https:\/\/www.sudoestehoje.com.br\/novoportal\/wp-json\/wp\/v2\/posts\/112103","targetHints":{"allow":["GET"]}}],"collection":[{"href":"https:\/\/www.sudoestehoje.com.br\/novoportal\/wp-json\/wp\/v2\/posts"}],"about":[{"href":"https:\/\/www.sudoestehoje.com.br\/novoportal\/wp-json\/wp\/v2\/types\/post"}],"author":[{"embeddable":true,"href":"https:\/\/www.sudoestehoje.com.br\/novoportal\/wp-json\/wp\/v2\/users\/2"}],"replies":[{"embeddable":true,"href":"https:\/\/www.sudoestehoje.com.br\/novoportal\/wp-json\/wp\/v2\/comments?post=112103"}],"version-history":[{"count":3,"href":"https:\/\/www.sudoestehoje.com.br\/novoportal\/wp-json\/wp\/v2\/posts\/112103\/revisions"}],"predecessor-version":[{"id":112108,"href":"https:\/\/www.sudoestehoje.com.br\/novoportal\/wp-json\/wp\/v2\/posts\/112103\/revisions\/112108"}],"wp:featuredmedia":[{"embeddable":true,"href":"https:\/\/www.sudoestehoje.com.br\/novoportal\/wp-json\/wp\/v2\/media\/112105"}],"wp:attachment":[{"href":"https:\/\/www.sudoestehoje.com.br\/novoportal\/wp-json\/wp\/v2\/media?parent=112103"}],"wp:term":[{"taxonomy":"category","embeddable":true,"href":"https:\/\/www.sudoestehoje.com.br\/novoportal\/wp-json\/wp\/v2\/categories?post=112103"},{"taxonomy":"post_tag","embeddable":true,"href":"https:\/\/www.sudoestehoje.com.br\/novoportal\/wp-json\/wp\/v2\/tags?post=112103"}],"curies":[{"name":"wp","href":"https:\/\/api.w.org\/{rel}","templated":true}]}}