
{"id":112099,"date":"2023-08-17T09:19:37","date_gmt":"2023-08-17T12:19:37","guid":{"rendered":"https:\/\/www.sudoestehoje.com.br\/novoportal\/?p=112099"},"modified":"2023-08-17T09:19:37","modified_gmt":"2023-08-17T12:19:37","slug":"agencia-de-turismo-soteropolitana-realiza-bate-volta-para-o-festival-de-inverno-bahia","status":"publish","type":"post","link":"https:\/\/www.sudoestehoje.com.br\/novoportal\/2023\/08\/17\/agencia-de-turismo-soteropolitana-realiza-bate-volta-para-o-festival-de-inverno-bahia\/","title":{"rendered":"AG\u00caNCIA DE TURISMO SOTEROPOLITANA REALIZA BATE VOLTA PARA O FESTIVAL DE INVERNO BAHIA"},"content":{"rendered":"<div>\n<p><img loading=\"lazy\" decoding=\"async\" class=\"alignnone  wp-image-112043\" src=\"https:\/\/www.sudoestehoje.com.br\/novoportal\/wp-content\/uploads\/2023\/08\/Banner-500X100.gif\" alt=\"\" width=\"550\" height=\"110\" \/><\/p>\n<p><img loading=\"lazy\" decoding=\"async\" class=\"alignnone  wp-image-112100\" src=\"https:\/\/www.sudoestehoje.com.br\/novoportal\/wp-content\/uploads\/2023\/08\/unnamed-1-600x600.jpg\" alt=\"\" width=\"550\" height=\"550\" srcset=\"https:\/\/www.sudoestehoje.com.br\/novoportal\/wp-content\/uploads\/2023\/08\/unnamed-1-600x600.jpg 600w, https:\/\/www.sudoestehoje.com.br\/novoportal\/wp-content\/uploads\/2023\/08\/unnamed-1-700x700.jpg 700w, https:\/\/www.sudoestehoje.com.br\/novoportal\/wp-content\/uploads\/2023\/08\/unnamed-1-150x150.jpg 150w, https:\/\/www.sudoestehoje.com.br\/novoportal\/wp-content\/uploads\/2023\/08\/unnamed-1-768x768.jpg 768w, https:\/\/www.sudoestehoje.com.br\/novoportal\/wp-content\/uploads\/2023\/08\/unnamed-1.jpg 1080w\" sizes=\"auto, (max-width: 550px) 100vw, 550px\" \/><\/p>\n<\/div>\n<div>\n<p><strong><span style=\"font-size: large;\"><span lang=\"PT-BR\">Com viagens saindo diariamente de Salvador, entre os dias 25 e 27 de agosto, para Vit\u00f3ria da Conquista, o acesso ao festival ser\u00e1 facilitado pela ag\u00eancia De Boa Turismo\u00a0<\/span>\u00a0<\/span><\/strong><\/p>\n<\/div>\n<div>\n<p><strong><span style=\"font-size: large;\"><span lang=\"PT-BR\">Recepcionar bem os turistas \u00e9 uma das prioridades do Festival de Inverno Bahia (FIB). Por essa raz\u00e3o, uma parceria foi firmada com a\u00a0ag\u00eancia\u00a0<\/span><span lang=\"PT-BR\">De Boa Turismo<\/span><span lang=\"PT-BR\">, que atua h\u00e1 10 anos no mercado, para viagens di\u00e1rias partindo de Salvador diretamente para o\u00a0#FIB23. As partidas est\u00e3o programadas para \u00e0s 12h e o retorno ser\u00e1 logo\u00a0ap\u00f3s o t\u00e9rmino dos shows.<\/span>\u00a0<\/span><\/strong><\/p>\n<\/div>\n<div>\n<p><strong><span style=\"font-size: large;\"><span lang=\"PT-BR\">\u201cDepois da\u00a0edi\u00e7\u00e3o de\u00a02019\u00a0do Festival de Inverno Bahia, nasceu\u00a0na De Boa\u00a0a ideia de fazer uma excurs\u00e3o para Vit\u00f3ria da Conquista. Tr\u00eas anos depois, o projeto n\u00e3o\u00a0saiu\u00a0do papel porque n\u00e3o hav\u00edamos conseguido hospedagem para grupo por causa da lota\u00e7\u00e3o completa da rede hoteleira no per\u00edodo. Foi\u00a0a partir da\u00ed que\u00a0uma cliente sugeriu o \u2018bate e volta\u2019.\u00a0Neste ano, come\u00e7amos a pesquisar a viabilidade desde abril e deu certo. Esperamos que 2023 seja o in\u00edcio de uma parceria de sucesso com o festival\u201d,\u00a0explica o propriet\u00e1rio da ag\u00eancia, Jorge de Oliveira.<\/span>\u00a0<\/span><\/strong><\/p>\n<\/div>\n<div>\n<p lang=\"PT-BR\"><strong><span style=\"font-size: large;\"><span lang=\"PT-BR\">As reservas j\u00e1 est\u00e3o sendo feitas no site oficial da\u00a0<a id=\"m_-8045676007384691234m_699927976421985737LPlnkOWALinkPreview\" title=\"https:\/\/deboaturismo.com.br\/\" href=\"https:\/\/deboaturismo.com.br\/\" target=\"_blank\" rel=\"noopener\" data-saferedirecturl=\"https:\/\/www.google.com\/url?q=https:\/\/deboaturismo.com.br\/&amp;source=gmail&amp;ust=1692360702151000&amp;usg=AOvVaw1LQDwGV8l65nrwvETV5ZST\">De Boa Turismo<\/a>\u00a0e pelo\u00a0Whatsapp\u00a0da empresa (71 99709-0485), sendo que o valor do translado pode ser parcelado em at\u00e9 12x sem juros no cart\u00e3o, Mercado Pago ou em at\u00e9 5x sem juros no cart\u00e3o cr\u00e9dito. Tamb\u00e9m s\u00e3o aceitos pagamentos no cart\u00e3o de d\u00e9bito ou via PIX. O transporte ser\u00e1 realizado em \u00f4nibus ou\u00a0micro-\u00f4nibus\u00a0executivo, com pulseiras de identifica\u00e7\u00e3o e orienta\u00e7\u00f5es de um monitor.<\/span>\u00a0<\/span><\/strong><\/p>\n<\/div>\n","protected":false},"excerpt":{"rendered":"<p>Com viagens saindo diariamente de Salvador, entre os dias 25 e 27 de agosto, para Vit\u00f3ria da Conquista, o acesso ao festival ser\u00e1 facilitado pela ag\u00eancia De Boa Turismo\u00a0\u00a0 Recepcionar bem os turistas \u00e9 uma das prioridades do Festival de Inverno Bahia (FIB). Por essa raz\u00e3o, uma parceria foi firmada com a\u00a0ag\u00eancia\u00a0De Boa Turismo, que [&hellip;]<\/p>\n","protected":false},"author":2,"featured_media":112100,"comment_status":"closed","ping_status":"open","sticky":false,"template":"","format":"standard","meta":{"footnotes":"","_links_to":"","_links_to_target":""},"categories":[1],"tags":[],"class_list":["post-112099","post","type-post","status-publish","format-standard","has-post-thumbnail","hentry","category-geral"],"views":681,"_links":{"self":[{"href":"https:\/\/www.sudoestehoje.com.br\/novoportal\/wp-json\/wp\/v2\/posts\/112099","targetHints":{"allow":["GET"]}}],"collection":[{"href":"https:\/\/www.sudoestehoje.com.br\/novoportal\/wp-json\/wp\/v2\/posts"}],"about":[{"href":"https:\/\/www.sudoestehoje.com.br\/novoportal\/wp-json\/wp\/v2\/types\/post"}],"author":[{"embeddable":true,"href":"https:\/\/www.sudoestehoje.com.br\/novoportal\/wp-json\/wp\/v2\/users\/2"}],"replies":[{"embeddable":true,"href":"https:\/\/www.sudoestehoje.com.br\/novoportal\/wp-json\/wp\/v2\/comments?post=112099"}],"version-history":[{"count":2,"href":"https:\/\/www.sudoestehoje.com.br\/novoportal\/wp-json\/wp\/v2\/posts\/112099\/revisions"}],"predecessor-version":[{"id":112102,"href":"https:\/\/www.sudoestehoje.com.br\/novoportal\/wp-json\/wp\/v2\/posts\/112099\/revisions\/112102"}],"wp:featuredmedia":[{"embeddable":true,"href":"https:\/\/www.sudoestehoje.com.br\/novoportal\/wp-json\/wp\/v2\/media\/112100"}],"wp:attachment":[{"href":"https:\/\/www.sudoestehoje.com.br\/novoportal\/wp-json\/wp\/v2\/media?parent=112099"}],"wp:term":[{"taxonomy":"category","embeddable":true,"href":"https:\/\/www.sudoestehoje.com.br\/novoportal\/wp-json\/wp\/v2\/categories?post=112099"},{"taxonomy":"post_tag","embeddable":true,"href":"https:\/\/www.sudoestehoje.com.br\/novoportal\/wp-json\/wp\/v2\/tags?post=112099"}],"curies":[{"name":"wp","href":"https:\/\/api.w.org\/{rel}","templated":true}]}}