
{"id":112093,"date":"2023-08-16T10:58:18","date_gmt":"2023-08-16T13:58:18","guid":{"rendered":"https:\/\/www.sudoestehoje.com.br\/novoportal\/?p=112093"},"modified":"2023-08-16T10:58:18","modified_gmt":"2023-08-16T13:58:18","slug":"petrobras-aumenta-precos-da-gasolina-e-do-diesel-nesta-quarta-bahia-fica-de-fora","status":"publish","type":"post","link":"https:\/\/www.sudoestehoje.com.br\/novoportal\/2023\/08\/16\/petrobras-aumenta-precos-da-gasolina-e-do-diesel-nesta-quarta-bahia-fica-de-fora\/","title":{"rendered":"PETROBRAS AUMENTA PRE\u00c7OS DA GASOLINA E DO DIESEL NESTA QUARTA; BAHIA FICA DE FORA"},"content":{"rendered":"<p><img loading=\"lazy\" decoding=\"async\" class=\"alignnone  wp-image-112043\" src=\"https:\/\/www.sudoestehoje.com.br\/novoportal\/wp-content\/uploads\/2023\/08\/Banner-500X100.gif\" alt=\"\" width=\"550\" height=\"110\" \/><\/p>\n<p><img loading=\"lazy\" decoding=\"async\" class=\"alignnone  wp-image-112095\" src=\"https:\/\/www.sudoestehoje.com.br\/novoportal\/wp-content\/uploads\/2023\/08\/POSTO-600x338.jpg\" alt=\"\" width=\"550\" height=\"310\" srcset=\"https:\/\/www.sudoestehoje.com.br\/novoportal\/wp-content\/uploads\/2023\/08\/POSTO-600x338.jpg 600w, https:\/\/www.sudoestehoje.com.br\/novoportal\/wp-content\/uploads\/2023\/08\/POSTO-700x394.jpg 700w, https:\/\/www.sudoestehoje.com.br\/novoportal\/wp-content\/uploads\/2023\/08\/POSTO-768x432.jpg 768w, https:\/\/www.sudoestehoje.com.br\/novoportal\/wp-content\/uploads\/2023\/08\/POSTO-1536x865.jpg 1536w, https:\/\/www.sudoestehoje.com.br\/novoportal\/wp-content\/uploads\/2023\/08\/POSTO.jpg 1600w\" sizes=\"auto, (max-width: 550px) 100vw, 550px\" \/><\/p>\n<p><strong>A Petrobras anunciou reajuste nos pre\u00e7os da gasolina A (sem mistura) e do diesel vendidos nas refinarias. A partir desta quarta-feira (16), o litro da gasolina subir\u00e1 R$ 0,41 (16,3%), passando a custar R$ 2,93. J\u00e1 o diesel ter\u00e1 reajuste de R$ 0,78 (25,8%), chegando a R$ 3,80.<\/strong><\/p>\n<p><strong>Os pre\u00e7os da gasolina n\u00e3o era reajustados pela estatal desde 1\u00ba de julho e o do diesel, desde 17 de maio. De acordo com a empresa, os novos valores acompanham aumento do petr\u00f3leo no mercado internacional e do volume de importa\u00e7\u00f5es dos dois combust\u00edveis. Sem o reajuste, conforme a Petrobras, as vendas para o mercado interno chegaram ao \u201climite de otimiza\u00e7\u00e3o operacional\u201d.<\/strong><\/p>\n<p><strong>BAHIA FICA FORA, POR ENQUANTO<\/strong><\/p>\n<p><strong>Na Bahia, os pre\u00e7os dos combust\u00edveis n\u00e3o s\u00e3o regulados pela Petrobras, mas sim pela Refinaria Acelen, que foi privatizada e segue outra pol\u00edtica de pre\u00e7os. Por enquanto, n\u00e3o h\u00e1 previs\u00e3o de alta dos combust\u00edveis no estado.\u00a0<\/strong><\/p>\n<div class=\"g g-4\">\n<div class=\"g-single a-50\"><\/div>\n<\/div>\n","protected":false},"excerpt":{"rendered":"<p>A Petrobras anunciou reajuste nos pre\u00e7os da gasolina A (sem mistura) e do diesel vendidos nas refinarias. A partir desta quarta-feira (16), o litro da gasolina subir\u00e1 R$ 0,41 (16,3%), passando a custar R$ 2,93. J\u00e1 o diesel ter\u00e1 reajuste de R$ 0,78 (25,8%), chegando a R$ 3,80. Os pre\u00e7os da gasolina n\u00e3o era reajustados [&hellip;]<\/p>\n","protected":false},"author":2,"featured_media":112095,"comment_status":"closed","ping_status":"open","sticky":false,"template":"","format":"standard","meta":{"footnotes":"","_links_to":"","_links_to_target":""},"categories":[1],"tags":[],"class_list":["post-112093","post","type-post","status-publish","format-standard","has-post-thumbnail","hentry","category-geral"],"views":704,"_links":{"self":[{"href":"https:\/\/www.sudoestehoje.com.br\/novoportal\/wp-json\/wp\/v2\/posts\/112093","targetHints":{"allow":["GET"]}}],"collection":[{"href":"https:\/\/www.sudoestehoje.com.br\/novoportal\/wp-json\/wp\/v2\/posts"}],"about":[{"href":"https:\/\/www.sudoestehoje.com.br\/novoportal\/wp-json\/wp\/v2\/types\/post"}],"author":[{"embeddable":true,"href":"https:\/\/www.sudoestehoje.com.br\/novoportal\/wp-json\/wp\/v2\/users\/2"}],"replies":[{"embeddable":true,"href":"https:\/\/www.sudoestehoje.com.br\/novoportal\/wp-json\/wp\/v2\/comments?post=112093"}],"version-history":[{"count":3,"href":"https:\/\/www.sudoestehoje.com.br\/novoportal\/wp-json\/wp\/v2\/posts\/112093\/revisions"}],"predecessor-version":[{"id":112098,"href":"https:\/\/www.sudoestehoje.com.br\/novoportal\/wp-json\/wp\/v2\/posts\/112093\/revisions\/112098"}],"wp:featuredmedia":[{"embeddable":true,"href":"https:\/\/www.sudoestehoje.com.br\/novoportal\/wp-json\/wp\/v2\/media\/112095"}],"wp:attachment":[{"href":"https:\/\/www.sudoestehoje.com.br\/novoportal\/wp-json\/wp\/v2\/media?parent=112093"}],"wp:term":[{"taxonomy":"category","embeddable":true,"href":"https:\/\/www.sudoestehoje.com.br\/novoportal\/wp-json\/wp\/v2\/categories?post=112093"},{"taxonomy":"post_tag","embeddable":true,"href":"https:\/\/www.sudoestehoje.com.br\/novoportal\/wp-json\/wp\/v2\/tags?post=112093"}],"curies":[{"name":"wp","href":"https:\/\/api.w.org\/{rel}","templated":true}]}}