
{"id":112087,"date":"2023-08-16T09:59:13","date_gmt":"2023-08-16T12:59:13","guid":{"rendered":"https:\/\/www.sudoestehoje.com.br\/novoportal\/?p=112087"},"modified":"2023-08-16T10:09:14","modified_gmt":"2023-08-16T13:09:14","slug":"sesab-emite-alerta-apos-aumento-dos-casos-de-catapora-na-bahia-estado-tem-443-casos","status":"publish","type":"post","link":"https:\/\/www.sudoestehoje.com.br\/novoportal\/2023\/08\/16\/sesab-emite-alerta-apos-aumento-dos-casos-de-catapora-na-bahia-estado-tem-443-casos\/","title":{"rendered":"SESAB EMITE ALERTA AP\u00d3S AUMENTO DOS CASOS DE CATAPORA NA BAHIA; ESTADO TEM 443 CASOS"},"content":{"rendered":"<p><img loading=\"lazy\" decoding=\"async\" class=\"alignnone wp-image-112043\" src=\"https:\/\/www.sudoestehoje.com.br\/novoportal\/wp-content\/uploads\/2023\/08\/Banner-500X100.gif\" alt=\"\" width=\"550\" height=\"110\" \/><\/p>\n<p><img loading=\"lazy\" decoding=\"async\" class=\"alignnone wp-image-112090\" src=\"https:\/\/www.sudoestehoje.com.br\/novoportal\/wp-content\/uploads\/2023\/08\/catapora-600x335.webp\" alt=\"\" width=\"550\" height=\"307\" srcset=\"https:\/\/www.sudoestehoje.com.br\/novoportal\/wp-content\/uploads\/2023\/08\/catapora-600x335.webp 600w, https:\/\/www.sudoestehoje.com.br\/novoportal\/wp-content\/uploads\/2023\/08\/catapora-700x390.webp 700w, https:\/\/www.sudoestehoje.com.br\/novoportal\/wp-content\/uploads\/2023\/08\/catapora-768x428.webp 768w, https:\/\/www.sudoestehoje.com.br\/novoportal\/wp-content\/uploads\/2023\/08\/catapora.webp 796w\" sizes=\"auto, (max-width: 550px) 100vw, 550px\" \/><\/p>\n<p><strong>A Secretaria de Sa\u00fade do Estado da Bahia (Sesab) emitiu, nesta ter\u00e7a-feira (15), um alerta para os munic\u00edpios baianos para serem tomadas medidas de preven\u00e7\u00e3o e controle da varicela (catapora). <\/strong><\/p>\n<p><strong>O motivo \u00e9 o per\u00edodo de sazonalidade da doen\u00e7a e do aumento da notifica\u00e7\u00e3o de surtos em unidades escolares em alguns munic\u00edpios do estado.<\/strong><\/p>\n<p><strong>Em Itapetinga, a vacina\u00e7\u00e3o j\u00e1 est\u00e1 sendo realizada nos postos de sa\u00fade, atrav\u00e9s do imunizante &#8216;Tr\u00edplice Viral&#8217;, segundo informa\u00e7\u00e3o da Secretaria de Sa\u00fade.<\/strong><\/p>\n<p><strong>Reda\u00e7\u00e3o SH<\/strong><\/p>\n","protected":false},"excerpt":{"rendered":"<p>A Secretaria de Sa\u00fade do Estado da Bahia (Sesab) emitiu, nesta ter\u00e7a-feira (15), um alerta para os munic\u00edpios baianos para serem tomadas medidas de preven\u00e7\u00e3o e controle da varicela (catapora). O motivo \u00e9 o per\u00edodo de sazonalidade da doen\u00e7a e do aumento da notifica\u00e7\u00e3o de surtos em unidades escolares em alguns munic\u00edpios do estado. Em [&hellip;]<\/p>\n","protected":false},"author":2,"featured_media":112090,"comment_status":"closed","ping_status":"open","sticky":false,"template":"","format":"standard","meta":{"footnotes":"","_links_to":"","_links_to_target":""},"categories":[1],"tags":[],"class_list":["post-112087","post","type-post","status-publish","format-standard","has-post-thumbnail","hentry","category-geral"],"views":797,"_links":{"self":[{"href":"https:\/\/www.sudoestehoje.com.br\/novoportal\/wp-json\/wp\/v2\/posts\/112087","targetHints":{"allow":["GET"]}}],"collection":[{"href":"https:\/\/www.sudoestehoje.com.br\/novoportal\/wp-json\/wp\/v2\/posts"}],"about":[{"href":"https:\/\/www.sudoestehoje.com.br\/novoportal\/wp-json\/wp\/v2\/types\/post"}],"author":[{"embeddable":true,"href":"https:\/\/www.sudoestehoje.com.br\/novoportal\/wp-json\/wp\/v2\/users\/2"}],"replies":[{"embeddable":true,"href":"https:\/\/www.sudoestehoje.com.br\/novoportal\/wp-json\/wp\/v2\/comments?post=112087"}],"version-history":[{"count":3,"href":"https:\/\/www.sudoestehoje.com.br\/novoportal\/wp-json\/wp\/v2\/posts\/112087\/revisions"}],"predecessor-version":[{"id":112092,"href":"https:\/\/www.sudoestehoje.com.br\/novoportal\/wp-json\/wp\/v2\/posts\/112087\/revisions\/112092"}],"wp:featuredmedia":[{"embeddable":true,"href":"https:\/\/www.sudoestehoje.com.br\/novoportal\/wp-json\/wp\/v2\/media\/112090"}],"wp:attachment":[{"href":"https:\/\/www.sudoestehoje.com.br\/novoportal\/wp-json\/wp\/v2\/media?parent=112087"}],"wp:term":[{"taxonomy":"category","embeddable":true,"href":"https:\/\/www.sudoestehoje.com.br\/novoportal\/wp-json\/wp\/v2\/categories?post=112087"},{"taxonomy":"post_tag","embeddable":true,"href":"https:\/\/www.sudoestehoje.com.br\/novoportal\/wp-json\/wp\/v2\/tags?post=112087"}],"curies":[{"name":"wp","href":"https:\/\/api.w.org\/{rel}","templated":true}]}}