
{"id":112053,"date":"2023-08-15T17:26:04","date_gmt":"2023-08-15T20:26:04","guid":{"rendered":"https:\/\/www.sudoestehoje.com.br\/novoportal\/?p=112053"},"modified":"2023-08-15T17:42:59","modified_gmt":"2023-08-15T20:42:59","slug":"apagao-nacional-pega-governo-federal-de-vela-na-mao-dizem-especialistas","status":"publish","type":"post","link":"https:\/\/www.sudoestehoje.com.br\/novoportal\/2023\/08\/15\/apagao-nacional-pega-governo-federal-de-vela-na-mao-dizem-especialistas\/","title":{"rendered":"APAG\u00c3O NACIONAL PEGA GOVERNO &#8216;DE VELA NA M\u00c3O&#8217; POR ESTUPIDEZ, DIZ ESPECIALISTA"},"content":{"rendered":"<p><img loading=\"lazy\" decoding=\"async\" class=\"alignnone wp-image-112043\" src=\"https:\/\/www.sudoestehoje.com.br\/novoportal\/wp-content\/uploads\/2023\/08\/Banner-500X100.gif\" alt=\"\" width=\"550\" height=\"110\" \/><\/p>\n<p><img loading=\"lazy\" decoding=\"async\" class=\" wp-image-112054\" src=\"https:\/\/www.sudoestehoje.com.br\/novoportal\/wp-content\/uploads\/2023\/08\/istockphoto-1059888160-612x612-1-600x400.jpg\" alt=\"\" width=\"549\" height=\"366\" srcset=\"https:\/\/www.sudoestehoje.com.br\/novoportal\/wp-content\/uploads\/2023\/08\/istockphoto-1059888160-612x612-1-600x400.jpg 600w, https:\/\/www.sudoestehoje.com.br\/novoportal\/wp-content\/uploads\/2023\/08\/istockphoto-1059888160-612x612-1.jpg 612w\" sizes=\"auto, (max-width: 549px) 100vw, 549px\" \/><\/p>\n<p><strong>Confiante apenas nas matrizes naturais de energia el\u00e9trica, desprezando as termel\u00e9tricas por orienta\u00e7\u00e3o pol\u00edtico-ideol\u00f3gica, o governo brasileiro foi pego &#8216;com a vela na m\u00e3o&#8217;, durante o apag\u00e3o nacional que aconteceu na manh\u00e3 e parte tarde desta ter\u00e7a-feira (15), parando todo o pa\u00eds.<\/strong><\/p>\n<p><strong><em>\u201cO apag\u00e3o de hoje traz uma li\u00e7\u00e3o que j\u00e1 deveria ser entendida pelo governo. A li\u00e7\u00e3o \u00e9 que se queremos dar resili\u00eancia ao sistema el\u00e9trico e restabelecer mais r\u00e1pido a energia quando ocorrem acidentes em linhas de transmiss\u00e3o, n\u00e3o podemos e n\u00e3o devemos abrir m\u00e3o de t\u00e9rmicas. Acidentes em linhas de transmiss\u00e3o , por exemplo, por fatores clim\u00e1ticos tem ocorrido com muita frequ\u00eancia em diversas regi\u00f5es do mundo. Por isso, nesse momento de transi\u00e7\u00e3o energ\u00e9tica \u00e9 uma estupidez ficar ref\u00e9m da natureza com a gera\u00e7\u00e3o e\u00f3lica e solar\u201d<\/em>, disse o s\u00f3cio-fundador e diretor do Centro Brasileiro de Infraestrutura (CBIE), Adriano Pires.<\/strong><\/p>\n<p><strong>Para ele, &#8220;\u00e9 uma estupidez&#8221; o governo federal investir apenas em matrizes \u201cnaturais\u201d, como na gera\u00e7\u00e3o de energia e\u00f3lica e solar, abandonando as t\u00e9rmicas.\u00a0<\/strong><\/p>\n<p><strong>O Minist\u00e9rio de Minas e Energia (MME) informou, em nota, na tarde desta ter\u00e7a, que o sistema nacional de energia foi restabelecido \u00e0s 14h30, restando ajustes pontuais a serem realizados pelas distribuidoras em algumas cidades.<\/strong><\/p>\n<p><strong>Em Salvador, por exemplo, o metr\u00f4 ainda n\u00e3o havia voltado a funcionar, por volta das 16h30.<\/strong><\/p>\n<p><strong>Reda\u00e7\u00e3o SH com informa\u00e7\u00f5es<\/strong><\/p>\n","protected":false},"excerpt":{"rendered":"<p>Confiante apenas nas matrizes naturais de energia el\u00e9trica, desprezando as termel\u00e9tricas por orienta\u00e7\u00e3o pol\u00edtico-ideol\u00f3gica, o governo brasileiro foi pego &#8216;com a vela na m\u00e3o&#8217;, durante o apag\u00e3o nacional que aconteceu na manh\u00e3 e parte tarde desta ter\u00e7a-feira (15), parando todo o pa\u00eds. \u201cO apag\u00e3o de hoje traz uma li\u00e7\u00e3o que j\u00e1 deveria ser entendida pelo [&hellip;]<\/p>\n","protected":false},"author":2,"featured_media":112054,"comment_status":"closed","ping_status":"open","sticky":false,"template":"","format":"standard","meta":{"footnotes":"","_links_to":"","_links_to_target":""},"categories":[1],"tags":[],"class_list":["post-112053","post","type-post","status-publish","format-standard","has-post-thumbnail","hentry","category-geral"],"views":686,"_links":{"self":[{"href":"https:\/\/www.sudoestehoje.com.br\/novoportal\/wp-json\/wp\/v2\/posts\/112053","targetHints":{"allow":["GET"]}}],"collection":[{"href":"https:\/\/www.sudoestehoje.com.br\/novoportal\/wp-json\/wp\/v2\/posts"}],"about":[{"href":"https:\/\/www.sudoestehoje.com.br\/novoportal\/wp-json\/wp\/v2\/types\/post"}],"author":[{"embeddable":true,"href":"https:\/\/www.sudoestehoje.com.br\/novoportal\/wp-json\/wp\/v2\/users\/2"}],"replies":[{"embeddable":true,"href":"https:\/\/www.sudoestehoje.com.br\/novoportal\/wp-json\/wp\/v2\/comments?post=112053"}],"version-history":[{"count":6,"href":"https:\/\/www.sudoestehoje.com.br\/novoportal\/wp-json\/wp\/v2\/posts\/112053\/revisions"}],"predecessor-version":[{"id":112060,"href":"https:\/\/www.sudoestehoje.com.br\/novoportal\/wp-json\/wp\/v2\/posts\/112053\/revisions\/112060"}],"wp:featuredmedia":[{"embeddable":true,"href":"https:\/\/www.sudoestehoje.com.br\/novoportal\/wp-json\/wp\/v2\/media\/112054"}],"wp:attachment":[{"href":"https:\/\/www.sudoestehoje.com.br\/novoportal\/wp-json\/wp\/v2\/media?parent=112053"}],"wp:term":[{"taxonomy":"category","embeddable":true,"href":"https:\/\/www.sudoestehoje.com.br\/novoportal\/wp-json\/wp\/v2\/categories?post=112053"},{"taxonomy":"post_tag","embeddable":true,"href":"https:\/\/www.sudoestehoje.com.br\/novoportal\/wp-json\/wp\/v2\/tags?post=112053"}],"curies":[{"name":"wp","href":"https:\/\/api.w.org\/{rel}","templated":true}]}}