
{"id":112051,"date":"2023-08-15T18:29:59","date_gmt":"2023-08-15T21:29:59","guid":{"rendered":"https:\/\/www.sudoestehoje.com.br\/novoportal\/?p=112051"},"modified":"2023-08-15T18:29:59","modified_gmt":"2023-08-15T21:29:59","slug":"itapetinga-podera-ser-contemplada-com-novo-residencial-do-minha-casa-minha-vida-ainda-no-governo-rodrigo-hagge","status":"publish","type":"post","link":"https:\/\/www.sudoestehoje.com.br\/novoportal\/2023\/08\/15\/itapetinga-podera-ser-contemplada-com-novo-residencial-do-minha-casa-minha-vida-ainda-no-governo-rodrigo-hagge\/","title":{"rendered":"ITAPETINGA PODER\u00c1 SER CONTEMPLADA COM NOVO RESIDENCIAL DO &#8216;MINHA CASA, MINHA VIDA&#8217; AINDA NO GOVERNO RODRIGO HAGGE"},"content":{"rendered":"<p><img loading=\"lazy\" decoding=\"async\" class=\"alignnone  wp-image-112043\" src=\"https:\/\/www.sudoestehoje.com.br\/novoportal\/wp-content\/uploads\/2023\/08\/Banner-500X100.gif\" alt=\"\" width=\"550\" height=\"110\" \/><\/p>\n<p><img loading=\"lazy\" decoding=\"async\" class=\"alignnone  wp-image-112064\" src=\"https:\/\/www.sudoestehoje.com.br\/novoportal\/wp-content\/uploads\/2023\/08\/ADH18_1b49c71186.jpg\" alt=\"\" width=\"550\" height=\"370\" \/><\/p>\n<p><strong>Ap\u00f3s lan\u00e7amento da nova etapa do programa federal &#8216;Minha Casa, Minha Vida&#8217;, o munic\u00edpio de Itapetinga dever\u00e1 ser contemplado com a constru\u00e7\u00e3o de mais um residencial, segundo informa\u00e7\u00f5es de fontes de Bras\u00edlia, obtidas pelo Sudoeste Hoje.<\/strong><\/p>\n<p><strong>De acordo com essas informa\u00e7\u00f5es obtidas pelo blog, Itapetinga juntamente com outros munic\u00edpios da Bahia, j\u00e1 teriam sido selecionados, restando apenas as tratativas para in\u00edcio das obras, atrav\u00e9s da Caixa.<\/strong><\/p>\n<p><strong>De acordo com o Secret\u00e1rio Municipal de Planejamento, Ricardo Saback, o novo programa do Minha Casa, Minha Vida segue basicamente a mesma sistem\u00e1tica do primeiro, com a aquisi\u00e7\u00e3o da \u00e1rea a ser constru\u00edda pelo munic\u00edpio ou pela pr\u00f3pria construtora, com reembolso da Caixa.\u00a0<\/strong><\/p>\n<p><strong>A distribui\u00e7\u00e3o das unidades constru\u00eddas dever\u00e3o obedecer crit\u00e9rios s\u00f3cio econ\u00f4micos pr\u00e9-estabelecidos, atrav\u00e9s de sele\u00e7\u00e3o pela Secretaria Municipal de Desenvolvimento Social, como nas primeiras etapas do programa.<\/strong><\/p>\n<p><strong>A expectativas \u00e9 de que Itapetinga seja contemplada com at\u00e9 500 unidades, ainda na gest\u00e3o do prefeito Rodrigo Hagge, que declarou estar preparado para participar do programa, arcando com todas a obriga\u00e7\u00f5es que couberem ao munic\u00edpio.<\/strong><\/p>\n<p><strong>Por Davi Ferraz<\/strong><\/p>\n","protected":false},"excerpt":{"rendered":"<p>Ap\u00f3s lan\u00e7amento da nova etapa do programa federal &#8216;Minha Casa, Minha Vida&#8217;, o munic\u00edpio de Itapetinga dever\u00e1 ser contemplado com a constru\u00e7\u00e3o de mais um residencial, segundo informa\u00e7\u00f5es de fontes de Bras\u00edlia, obtidas pelo Sudoeste Hoje. De acordo com essas informa\u00e7\u00f5es obtidas pelo blog, Itapetinga juntamente com outros munic\u00edpios da Bahia, j\u00e1 teriam sido selecionados, [&hellip;]<\/p>\n","protected":false},"author":2,"featured_media":112064,"comment_status":"closed","ping_status":"open","sticky":false,"template":"","format":"standard","meta":{"footnotes":"","_links_to":"","_links_to_target":""},"categories":[1],"tags":[],"class_list":["post-112051","post","type-post","status-publish","format-standard","has-post-thumbnail","hentry","category-geral"],"views":1953,"_links":{"self":[{"href":"https:\/\/www.sudoestehoje.com.br\/novoportal\/wp-json\/wp\/v2\/posts\/112051","targetHints":{"allow":["GET"]}}],"collection":[{"href":"https:\/\/www.sudoestehoje.com.br\/novoportal\/wp-json\/wp\/v2\/posts"}],"about":[{"href":"https:\/\/www.sudoestehoje.com.br\/novoportal\/wp-json\/wp\/v2\/types\/post"}],"author":[{"embeddable":true,"href":"https:\/\/www.sudoestehoje.com.br\/novoportal\/wp-json\/wp\/v2\/users\/2"}],"replies":[{"embeddable":true,"href":"https:\/\/www.sudoestehoje.com.br\/novoportal\/wp-json\/wp\/v2\/comments?post=112051"}],"version-history":[{"count":6,"href":"https:\/\/www.sudoestehoje.com.br\/novoportal\/wp-json\/wp\/v2\/posts\/112051\/revisions"}],"predecessor-version":[{"id":112067,"href":"https:\/\/www.sudoestehoje.com.br\/novoportal\/wp-json\/wp\/v2\/posts\/112051\/revisions\/112067"}],"wp:featuredmedia":[{"embeddable":true,"href":"https:\/\/www.sudoestehoje.com.br\/novoportal\/wp-json\/wp\/v2\/media\/112064"}],"wp:attachment":[{"href":"https:\/\/www.sudoestehoje.com.br\/novoportal\/wp-json\/wp\/v2\/media?parent=112051"}],"wp:term":[{"taxonomy":"category","embeddable":true,"href":"https:\/\/www.sudoestehoje.com.br\/novoportal\/wp-json\/wp\/v2\/categories?post=112051"},{"taxonomy":"post_tag","embeddable":true,"href":"https:\/\/www.sudoestehoje.com.br\/novoportal\/wp-json\/wp\/v2\/tags?post=112051"}],"curies":[{"name":"wp","href":"https:\/\/api.w.org\/{rel}","templated":true}]}}