
{"id":112045,"date":"2023-08-14T17:14:21","date_gmt":"2023-08-14T20:14:21","guid":{"rendered":"https:\/\/www.sudoestehoje.com.br\/novoportal\/?p=112045"},"modified":"2023-08-14T17:14:21","modified_gmt":"2023-08-14T20:14:21","slug":"nota-de-falecimento-zildete-souza-pimenta","status":"publish","type":"post","link":"https:\/\/www.sudoestehoje.com.br\/novoportal\/2023\/08\/14\/nota-de-falecimento-zildete-souza-pimenta\/","title":{"rendered":"NOTA DE FALECIMENTO | ZILDETE SOUZA PIMENTA"},"content":{"rendered":"<p><img loading=\"lazy\" decoding=\"async\" class=\"alignnone  wp-image-112047\" src=\"https:\/\/www.sudoestehoje.com.br\/novoportal\/wp-content\/uploads\/2023\/08\/f1a6f6b1-12bc-40d1-8f2c-1fced71aa29e-600x354.jpg\" alt=\"\" width=\"549\" height=\"324\" srcset=\"https:\/\/www.sudoestehoje.com.br\/novoportal\/wp-content\/uploads\/2023\/08\/f1a6f6b1-12bc-40d1-8f2c-1fced71aa29e-600x354.jpg 600w, https:\/\/www.sudoestehoje.com.br\/novoportal\/wp-content\/uploads\/2023\/08\/f1a6f6b1-12bc-40d1-8f2c-1fced71aa29e-700x413.jpg 700w, https:\/\/www.sudoestehoje.com.br\/novoportal\/wp-content\/uploads\/2023\/08\/f1a6f6b1-12bc-40d1-8f2c-1fced71aa29e-768x453.jpg 768w, https:\/\/www.sudoestehoje.com.br\/novoportal\/wp-content\/uploads\/2023\/08\/f1a6f6b1-12bc-40d1-8f2c-1fced71aa29e.jpg 1200w\" sizes=\"auto, (max-width: 549px) 100vw, 549px\" \/><\/p>\n<p><strong>Comunicamos o falecimento da ex-professora Zildete Pimenta, do Col\u00e9gio Alfredo Dutra, aos 95 anos, ocorrido na manh\u00e3 desta segunda-feira (14), de causas naturais.<\/strong><\/p>\n<p><strong>Conhecida e querida por toda a comunidade itapetinguense, a professora Zildete foi uma das pioneiras no exerc\u00edcio do magist\u00e9rio no munic\u00edpio, durante d\u00e9cadas, at\u00e9 a sua aposentadoria.<\/strong><\/p>\n<p><strong> O corpo est\u00e1 sendo velado no Cerimonial Pax Perfei\u00e7\u00e3o e o sepultamento est\u00e1 previsto para esta ter\u00e7a, pela manh\u00e3.<\/strong><\/p>\n<p><strong>A comunidade escolar do Col\u00e9gio Alfredo Dutra lamenta profundamente a perda da antiga colega e estende o seu pesar aos familiares e amigos da querida professora Zildete.<\/strong><\/p>\n<p><strong>Reda\u00e7\u00e3o SH<\/strong><\/p>\n","protected":false},"excerpt":{"rendered":"<p>Comunicamos o falecimento da ex-professora Zildete Pimenta, do Col\u00e9gio Alfredo Dutra, aos 95 anos, ocorrido na manh\u00e3 desta segunda-feira (14), de causas naturais. Conhecida e querida por toda a comunidade itapetinguense, a professora Zildete foi uma das pioneiras no exerc\u00edcio do magist\u00e9rio no munic\u00edpio, durante d\u00e9cadas, at\u00e9 a sua aposentadoria. O corpo est\u00e1 sendo velado [&hellip;]<\/p>\n","protected":false},"author":2,"featured_media":112047,"comment_status":"closed","ping_status":"open","sticky":false,"template":"","format":"standard","meta":{"footnotes":"","_links_to":"","_links_to_target":""},"categories":[1],"tags":[],"class_list":["post-112045","post","type-post","status-publish","format-standard","has-post-thumbnail","hentry","category-geral"],"views":847,"_links":{"self":[{"href":"https:\/\/www.sudoestehoje.com.br\/novoportal\/wp-json\/wp\/v2\/posts\/112045","targetHints":{"allow":["GET"]}}],"collection":[{"href":"https:\/\/www.sudoestehoje.com.br\/novoportal\/wp-json\/wp\/v2\/posts"}],"about":[{"href":"https:\/\/www.sudoestehoje.com.br\/novoportal\/wp-json\/wp\/v2\/types\/post"}],"author":[{"embeddable":true,"href":"https:\/\/www.sudoestehoje.com.br\/novoportal\/wp-json\/wp\/v2\/users\/2"}],"replies":[{"embeddable":true,"href":"https:\/\/www.sudoestehoje.com.br\/novoportal\/wp-json\/wp\/v2\/comments?post=112045"}],"version-history":[{"count":3,"href":"https:\/\/www.sudoestehoje.com.br\/novoportal\/wp-json\/wp\/v2\/posts\/112045\/revisions"}],"predecessor-version":[{"id":112049,"href":"https:\/\/www.sudoestehoje.com.br\/novoportal\/wp-json\/wp\/v2\/posts\/112045\/revisions\/112049"}],"wp:featuredmedia":[{"embeddable":true,"href":"https:\/\/www.sudoestehoje.com.br\/novoportal\/wp-json\/wp\/v2\/media\/112047"}],"wp:attachment":[{"href":"https:\/\/www.sudoestehoje.com.br\/novoportal\/wp-json\/wp\/v2\/media?parent=112045"}],"wp:term":[{"taxonomy":"category","embeddable":true,"href":"https:\/\/www.sudoestehoje.com.br\/novoportal\/wp-json\/wp\/v2\/categories?post=112045"},{"taxonomy":"post_tag","embeddable":true,"href":"https:\/\/www.sudoestehoje.com.br\/novoportal\/wp-json\/wp\/v2\/tags?post=112045"}],"curies":[{"name":"wp","href":"https:\/\/api.w.org\/{rel}","templated":true}]}}