
{"id":111970,"date":"2023-08-13T22:41:23","date_gmt":"2023-08-14T01:41:23","guid":{"rendered":"https:\/\/www.sudoestehoje.com.br\/novoportal\/?p=111970"},"modified":"2023-08-13T22:44:50","modified_gmt":"2023-08-14T01:44:50","slug":"regiao-voos-da-azul-para-salvador-serao-suspensos-a-partir-de-29-de-outubro","status":"publish","type":"post","link":"https:\/\/www.sudoestehoje.com.br\/novoportal\/2023\/08\/13\/regiao-voos-da-azul-para-salvador-serao-suspensos-a-partir-de-29-de-outubro\/","title":{"rendered":"REGI\u00c3O | VOOS DA AZUL PARA SALVADOR SER\u00c3O SUSPENSOS A PARTIR DE 29 DE OUTUBRO"},"content":{"rendered":"<p><img loading=\"lazy\" decoding=\"async\" class=\"alignnone size-full wp-image-111341\" src=\"https:\/\/www.sudoestehoje.com.br\/novoportal\/wp-content\/uploads\/2023\/07\/BANNER-LINEUP-550x100-2.gif\" alt=\"\" width=\"550\" height=\"100\" \/><\/p>\n<p><img loading=\"lazy\" decoding=\"async\" class=\"alignnone wp-image-111974\" src=\"https:\/\/www.sudoestehoje.com.br\/novoportal\/wp-content\/uploads\/2023\/08\/novos-voos-Foto-Tatiana-Azeviche-01-de-Outubro-20-600x399.jpg\" alt=\"\" width=\"549\" height=\"365\" srcset=\"https:\/\/www.sudoestehoje.com.br\/novoportal\/wp-content\/uploads\/2023\/08\/novos-voos-Foto-Tatiana-Azeviche-01-de-Outubro-20-600x399.jpg 600w, https:\/\/www.sudoestehoje.com.br\/novoportal\/wp-content\/uploads\/2023\/08\/novos-voos-Foto-Tatiana-Azeviche-01-de-Outubro-20.jpg 700w\" sizes=\"auto, (max-width: 549px) 100vw, 549px\" \/><\/p>\n<p><strong>A Azul Linhas A\u00e9reas confirmou a suspens\u00e3o do voo Vit\u00f3ria da Conquista \u2013 Salvador, de identifica\u00e7\u00e3o AD 4163. De acordo com a empresa, a decis\u00e3o faz parte do processo de \u201cadequa\u00e7\u00e3o\u201d das opera\u00e7\u00f5es no trajeto.<\/strong><\/p>\n<p><strong>Os voos acontecem seis vezes por semana no Aeroporto Glauber Rocha. \u201cAs mudan\u00e7as foram feitas de forma planejada e que os clientes receber\u00e3o toda a assist\u00eancia necess\u00e1ria da equipe local da empresa, conforme prev\u00ea a resolu\u00e7\u00e3o 400 da Ag\u00eancia Nacional de Avia\u00e7\u00e3o Civil (Anac)\u201d, diz a Azul Linhas A\u00e9reas, em nota.<\/strong><\/p>\n<p><strong>Com a decis\u00e3o, as pessoas que forem viajar para a capital baiana ter\u00e3o que fazer uma conex\u00e3o na cidade de Belo Horizonte (MG). Caso n\u00e3o ocorram altera\u00e7\u00f5es no cen\u00e1rio projetado pela companhia a\u00e9rea, a suspens\u00e3o est\u00e1 prevista para o dia 29 de outubro de 2023.<\/strong><\/p>\n","protected":false},"excerpt":{"rendered":"<p>A Azul Linhas A\u00e9reas confirmou a suspens\u00e3o do voo Vit\u00f3ria da Conquista \u2013 Salvador, de identifica\u00e7\u00e3o AD 4163. De acordo com a empresa, a decis\u00e3o faz parte do processo de \u201cadequa\u00e7\u00e3o\u201d das opera\u00e7\u00f5es no trajeto. Os voos acontecem seis vezes por semana no Aeroporto Glauber Rocha. \u201cAs mudan\u00e7as foram feitas de forma planejada e que [&hellip;]<\/p>\n","protected":false},"author":2,"featured_media":111974,"comment_status":"closed","ping_status":"open","sticky":false,"template":"","format":"standard","meta":{"footnotes":"","_links_to":"","_links_to_target":""},"categories":[1],"tags":[],"class_list":["post-111970","post","type-post","status-publish","format-standard","has-post-thumbnail","hentry","category-geral"],"views":776,"_links":{"self":[{"href":"https:\/\/www.sudoestehoje.com.br\/novoportal\/wp-json\/wp\/v2\/posts\/111970","targetHints":{"allow":["GET"]}}],"collection":[{"href":"https:\/\/www.sudoestehoje.com.br\/novoportal\/wp-json\/wp\/v2\/posts"}],"about":[{"href":"https:\/\/www.sudoestehoje.com.br\/novoportal\/wp-json\/wp\/v2\/types\/post"}],"author":[{"embeddable":true,"href":"https:\/\/www.sudoestehoje.com.br\/novoportal\/wp-json\/wp\/v2\/users\/2"}],"replies":[{"embeddable":true,"href":"https:\/\/www.sudoestehoje.com.br\/novoportal\/wp-json\/wp\/v2\/comments?post=111970"}],"version-history":[{"count":3,"href":"https:\/\/www.sudoestehoje.com.br\/novoportal\/wp-json\/wp\/v2\/posts\/111970\/revisions"}],"predecessor-version":[{"id":111975,"href":"https:\/\/www.sudoestehoje.com.br\/novoportal\/wp-json\/wp\/v2\/posts\/111970\/revisions\/111975"}],"wp:featuredmedia":[{"embeddable":true,"href":"https:\/\/www.sudoestehoje.com.br\/novoportal\/wp-json\/wp\/v2\/media\/111974"}],"wp:attachment":[{"href":"https:\/\/www.sudoestehoje.com.br\/novoportal\/wp-json\/wp\/v2\/media?parent=111970"}],"wp:term":[{"taxonomy":"category","embeddable":true,"href":"https:\/\/www.sudoestehoje.com.br\/novoportal\/wp-json\/wp\/v2\/categories?post=111970"},{"taxonomy":"post_tag","embeddable":true,"href":"https:\/\/www.sudoestehoje.com.br\/novoportal\/wp-json\/wp\/v2\/tags?post=111970"}],"curies":[{"name":"wp","href":"https:\/\/api.w.org\/{rel}","templated":true}]}}