
{"id":111966,"date":"2023-08-11T08:37:12","date_gmt":"2023-08-11T11:37:12","guid":{"rendered":"https:\/\/www.sudoestehoje.com.br\/novoportal\/?p=111966"},"modified":"2023-08-11T08:37:12","modified_gmt":"2023-08-11T11:37:12","slug":"violencia-em-alta-mais-um-coletivo-e-incendiado-na-capital-baiana","status":"publish","type":"post","link":"https:\/\/www.sudoestehoje.com.br\/novoportal\/2023\/08\/11\/violencia-em-alta-mais-um-coletivo-e-incendiado-na-capital-baiana\/","title":{"rendered":"VIOL\u00caNCIA EM ALTA | MAIS UM COLETIVO \u00c9 INCENDIADO NA CAPITAL BAIANA"},"content":{"rendered":"<p><img loading=\"lazy\" decoding=\"async\" class=\"alignnone size-full wp-image-111341\" src=\"https:\/\/www.sudoestehoje.com.br\/novoportal\/wp-content\/uploads\/2023\/07\/BANNER-LINEUP-550x100-2.gif\" alt=\"\" width=\"550\" height=\"100\" \/><\/p>\n<p><img loading=\"lazy\" decoding=\"async\" class=\"alignnone  wp-image-111967\" src=\"https:\/\/www.sudoestehoje.com.br\/novoportal\/wp-content\/uploads\/2023\/08\/IMAGEM_NOTICIA_5.webp\" alt=\"\" width=\"551\" height=\"351\" \/><\/p>\n<p><strong>Um \u00f4nibus foi incendiado nas primeiras horas da manh\u00e3 desta sexta-feira (11), no bairro de Jardim Santo In\u00e1cio, em Salvador.<\/strong><\/p>\n<p><strong>De acordo com informa\u00e7\u00f5es iniciais apuradas pela TV Bahia, homens armados chegaram a bordo de um carro vermelho e atearam fogo no \u00f4nibus. Segundo relato de testemunhas, uma pessoa ficou ferida na a\u00e7\u00e3o.<\/strong><\/p>\n<p><strong>Em nota enviada \u00e0 emissora, a Secretaria de Seguran\u00e7a P\u00fablica (SSP) informou que equipes das Pol\u00edcias Civil e Militar e do Corpo de Bombeiros foram acionadas para atender a ocorr\u00eancia. A pasta acrescentou que as investiga\u00e7\u00f5es j\u00e1 foram iniciadas e que o patrulhamento foi refor\u00e7ado na regi\u00e3o.<\/strong><\/p>\n<p><strong>Este \u00e9 segundo coletivo incendiado nesta semana na capital baiana. Na quarta (9), bandidos assaltaram\u00a0e colocaram fogo em um \u00f4nibus na rua principal do bairro de S\u00e3o Marcos.<\/strong><\/p>\n","protected":false},"excerpt":{"rendered":"<p>Um \u00f4nibus foi incendiado nas primeiras horas da manh\u00e3 desta sexta-feira (11), no bairro de Jardim Santo In\u00e1cio, em Salvador. De acordo com informa\u00e7\u00f5es iniciais apuradas pela TV Bahia, homens armados chegaram a bordo de um carro vermelho e atearam fogo no \u00f4nibus. Segundo relato de testemunhas, uma pessoa ficou ferida na a\u00e7\u00e3o. Em nota [&hellip;]<\/p>\n","protected":false},"author":2,"featured_media":111967,"comment_status":"closed","ping_status":"open","sticky":false,"template":"","format":"standard","meta":{"footnotes":"","_links_to":"","_links_to_target":""},"categories":[1],"tags":[],"class_list":["post-111966","post","type-post","status-publish","format-standard","has-post-thumbnail","hentry","category-geral"],"views":555,"_links":{"self":[{"href":"https:\/\/www.sudoestehoje.com.br\/novoportal\/wp-json\/wp\/v2\/posts\/111966","targetHints":{"allow":["GET"]}}],"collection":[{"href":"https:\/\/www.sudoestehoje.com.br\/novoportal\/wp-json\/wp\/v2\/posts"}],"about":[{"href":"https:\/\/www.sudoestehoje.com.br\/novoportal\/wp-json\/wp\/v2\/types\/post"}],"author":[{"embeddable":true,"href":"https:\/\/www.sudoestehoje.com.br\/novoportal\/wp-json\/wp\/v2\/users\/2"}],"replies":[{"embeddable":true,"href":"https:\/\/www.sudoestehoje.com.br\/novoportal\/wp-json\/wp\/v2\/comments?post=111966"}],"version-history":[{"count":2,"href":"https:\/\/www.sudoestehoje.com.br\/novoportal\/wp-json\/wp\/v2\/posts\/111966\/revisions"}],"predecessor-version":[{"id":111969,"href":"https:\/\/www.sudoestehoje.com.br\/novoportal\/wp-json\/wp\/v2\/posts\/111966\/revisions\/111969"}],"wp:featuredmedia":[{"embeddable":true,"href":"https:\/\/www.sudoestehoje.com.br\/novoportal\/wp-json\/wp\/v2\/media\/111967"}],"wp:attachment":[{"href":"https:\/\/www.sudoestehoje.com.br\/novoportal\/wp-json\/wp\/v2\/media?parent=111966"}],"wp:term":[{"taxonomy":"category","embeddable":true,"href":"https:\/\/www.sudoestehoje.com.br\/novoportal\/wp-json\/wp\/v2\/categories?post=111966"},{"taxonomy":"post_tag","embeddable":true,"href":"https:\/\/www.sudoestehoje.com.br\/novoportal\/wp-json\/wp\/v2\/tags?post=111966"}],"curies":[{"name":"wp","href":"https:\/\/api.w.org\/{rel}","templated":true}]}}